{"id":10445,"date":"2025-02-17T12:31:27","date_gmt":"2025-02-17T16:31:27","guid":{"rendered":"https:\/\/eldiariovirtual.com\/?p=10445"},"modified":"2025-03-06T12:32:26","modified_gmt":"2025-03-06T16:32:26","slug":"tragedia-en-carretera-31-muertos-y-15-heridos-en-accidente-de-bus","status":"publish","type":"post","link":"https:\/\/eldiariovirtual.com\/index.php\/2025\/02\/17\/tragedia-en-carretera-31-muertos-y-15-heridos-en-accidente-de-bus\/","title":{"rendered":"TRAGEDIA EN CARRETERA: 31 MUERTOS Y 15 HERIDOS EN ACCIDENTE DE BUS"},"content":{"rendered":"\n<p><strong>Un bus de la empresa San Jos\u00e9 se precipit\u00f3 aproximadamente 800 metros en una curva pronunciada cerca del puente de Yocalla, en la carretera Potos\u00ed-Oruro. <\/strong><\/p>\n\n\n\n<figure class=\"wp-block-image aligncenter size-full\"><img loading=\"lazy\" decoding=\"async\" width=\"600\" height=\"338\" src=\"https:\/\/eldiariovirtual.com\/wp-content\/uploads\/2025\/03\/image-4.png\" alt=\"\" class=\"wp-image-10446\" srcset=\"https:\/\/eldiariovirtual.com\/wp-content\/uploads\/2025\/03\/image-4.png 600w, https:\/\/eldiariovirtual.com\/wp-content\/uploads\/2025\/03\/image-4-300x169.png 300w\" sizes=\"auto, (max-width: 600px) 100vw, 600px\" \/><\/figure>\n\n\n\n<p>El accidente ocurri\u00f3 cerca del mediod\u00eda de este lunes. Bomberos y rescatistas contin\u00faan trabajando en la recuperaci\u00f3n de los cuerpos y el rescate de heridos. Hasta el momento, se reportan 31 personas fallecidas y 15 heridas, entre ellas cuatro menores de edad, dos de los cuales se encuentran en terapia intensiva con pron\u00f3stico reservado. Los heridos han sido trasladados al Hospital Daniel Bracamonte de Potos\u00ed. Las autoridades investigan las causas del accidente, aunque se presume que el exceso de velocidad en una zona de curvas cerradas y pendientes pronunciadas pudo haber sido un factor determinante.<\/p>\n\n\n\n<figure class=\"wp-block-image aligncenter size-full\"><img loading=\"lazy\" decoding=\"async\" width=\"450\" height=\"600\" src=\"https:\/\/eldiariovirtual.com\/wp-content\/uploads\/2025\/03\/image-5.png\" alt=\"\" class=\"wp-image-10447\" srcset=\"https:\/\/eldiariovirtual.com\/wp-content\/uploads\/2025\/03\/image-5.png 450w, https:\/\/eldiariovirtual.com\/wp-content\/uploads\/2025\/03\/image-5-225x300.png 225w\" sizes=\"auto, (max-width: 450px) 100vw, 450px\" \/><\/figure>\n","protected":false},"excerpt":{"rendered":"<p>Un bus de la empresa San Jos\u00e9 se precipit\u00f3 aproximadamente 800 metros en una curva&#8230;<\/p>\n","protected":false},"author":1,"featured_media":10446,"comment_status":"closed","ping_status":"closed","sticky":false,"template":"","format":"standard","meta":{"fifu_image_url":"","fifu_image_alt":"","footnotes":""},"categories":[22],"tags":[],"class_list":["post-10445","post","type-post","status-publish","format-standard","has-post-thumbnail","hentry","category-bolivia"],"_links":{"self":[{"href":"https:\/\/eldiariovirtual.com\/index.php\/wp-json\/wp\/v2\/posts\/10445","targetHints":{"allow":["GET"]}}],"collection":[{"href":"https:\/\/eldiariovirtual.com\/index.php\/wp-json\/wp\/v2\/posts"}],"about":[{"href":"https:\/\/eldiariovirtual.com\/index.php\/wp-json\/wp\/v2\/types\/post"}],"author":[{"embeddable":true,"href":"https:\/\/eldiariovirtual.com\/index.php\/wp-json\/wp\/v2\/users\/1"}],"replies":[{"embeddable":true,"href":"https:\/\/eldiariovirtual.com\/index.php\/wp-json\/wp\/v2\/comments?post=10445"}],"version-history":[{"count":1,"href":"https:\/\/eldiariovirtual.com\/index.php\/wp-json\/wp\/v2\/posts\/10445\/revisions"}],"predecessor-version":[{"id":10448,"href":"https:\/\/eldiariovirtual.com\/index.php\/wp-json\/wp\/v2\/posts\/10445\/revisions\/10448"}],"wp:featuredmedia":[{"embeddable":true,"href":"https:\/\/eldiariovirtual.com\/index.php\/wp-json\/wp\/v2\/media\/10446"}],"wp:attachment":[{"href":"https:\/\/eldiariovirtual.com\/index.php\/wp-json\/wp\/v2\/media?parent=10445"}],"wp:term":[{"taxonomy":"category","embeddable":true,"href":"https:\/\/eldiariovirtual.com\/index.php\/wp-json\/wp\/v2\/categories?post=10445"},{"taxonomy":"post_tag","embeddable":true,"href":"https:\/\/eldiariovirtual.com\/index.php\/wp-json\/wp\/v2\/tags?post=10445"}],"curies":[{"name":"wp","href":"https:\/\/api.w.org\/{rel}","templated":true}]}}