{"id":10509,"date":"2025-03-11T11:13:22","date_gmt":"2025-03-11T15:13:22","guid":{"rendered":"https:\/\/eldiariovirtual.com\/?p=10509"},"modified":"2025-03-11T11:13:22","modified_gmt":"2025-03-11T15:13:22","slug":"richter-falta-de-combustible-genera-indignacion-colectiva-y-eso-hace-que-un-gobierno-no-termine-su-mandato","status":"publish","type":"post","link":"https:\/\/eldiariovirtual.com\/index.php\/2025\/03\/11\/richter-falta-de-combustible-genera-indignacion-colectiva-y-eso-hace-que-un-gobierno-no-termine-su-mandato\/","title":{"rendered":"Richter: \u201cFalta de combustible genera indignaci\u00f3n colectiva\u00bb y eso hace \u00abque un gobierno no termine su mandato\u201d"},"content":{"rendered":"\n<p>El exvocero del Gobierno dijo que \u201cel pa\u00eds no aguanta otros 10 d\u00edas sin combustible\u201d<\/p>\n\n\n\n<figure class=\"wp-block-image size-full\"><img loading=\"lazy\" decoding=\"async\" width=\"800\" height=\"450\" src=\"https:\/\/eldiariovirtual.com\/wp-content\/uploads\/2025\/03\/image-28.png\" alt=\"\" class=\"wp-image-10510\" srcset=\"https:\/\/eldiariovirtual.com\/wp-content\/uploads\/2025\/03\/image-28.png 800w, https:\/\/eldiariovirtual.com\/wp-content\/uploads\/2025\/03\/image-28-300x169.png 300w, https:\/\/eldiariovirtual.com\/wp-content\/uploads\/2025\/03\/image-28-768x432.png 768w\" sizes=\"auto, (max-width: 800px) 100vw, 800px\" \/><\/figure>\n\n\n\n<p>\u201cSi en 10 d\u00edas el pa\u00eds sigue sin combustible\u2026&nbsp;<strong>este escenario del d\u00eda de hoy, no lo soporta el pa\u00eds 10 d\u00edas, entonces ah\u00ed va a haber que hablar de nuevo si el presidente va a poderse sostener en su gesti\u00f3n de gobierno\u201d<\/strong>. As\u00ed asever\u00f3 el exvocero de Gobierno, Jorge Richter, durante una entrevista en Que No Me Pierda, c\u00f3mo la crisis por combustible del pa\u00eds puede afectar a la gesti\u00f3n del presidente Luis Arce.<\/p>\n\n\n\n<p>Agreg\u00f3 que si hay algo que genera \u2018indignaci\u00f3n colectiva\u2019, es la falta de combustible y, seg\u00fan su an\u00e1lisis, la indignaci\u00f3n colectiva es un elemento que se requiere para que alg\u00fan gobierno no termine su mandato.<\/p>\n\n\n\n<p>\u201cHe escuchado de que podr\u00eda el presidente llegar a renunciar, (pero) ayer he escuchado a la Ministra de la Presidencia decir que eso no va a suceder. Hoy podemos decir todav\u00eda que tiene la decisi\u00f3n de que no renunciar\u00e1\u201d, dijo Richter. Sin embargo, revel\u00f3 que la posibilidad de una renuncia \u201c<strong>se lo plante\u00f3 el pasado 6 de agosto a ra\u00edz de una de las crisis m\u00e1s cr\u00edticas de carencia de combustible, pero Chile salv\u00f3<\/strong>, como ha salvado tambi\u00e9n Paraguay, prest\u00e1ndonos combustible en varias ocasiones\u201d.<\/p>\n\n\n\n<p>El exvocero indic\u00f3 el Gobierno actual ya no tiene la opci\u00f3n de tocar la subvenci\u00f3n porque hay que manejarla con gradualidad y ya no le queda tiempo. \u201c<strong>No van a poder tocar la subvenci\u00f3n porque es mala palabra en tiempos electorales<\/strong>, entonces, el gobierno por esto quiere mantener el monopolio de la compra de combustible\u201d.<\/p>\n\n\n\n<p>Adem\u00e1s, se\u00f1al\u00f3 que tocar la subvenci\u00f3n tendr\u00eda un \u2018costo pol\u00edtico\u2019, y que se debe considerar que los estudios le dan al actual Gobierno un apoyo por debajo del 3% y que tomando el margen de error de 2,5 a 2,7%, puede llegar a cero.&nbsp;<strong>\u201cImag\u00ednense las mediciones despu\u00e9s de estas filas por combustible\u201d<\/strong>, concluy\u00f3.<\/p>\n","protected":false},"excerpt":{"rendered":"<p>El exvocero del Gobierno dijo que \u201cel pa\u00eds no aguanta otros 10 d\u00edas sin combustible\u201d&#8230;<\/p>\n","protected":false},"author":1,"featured_media":10510,"comment_status":"closed","ping_status":"closed","sticky":false,"template":"","format":"standard","meta":{"fifu_image_url":"","fifu_image_alt":"","footnotes":""},"categories":[22,31],"tags":[],"class_list":["post-10509","post","type-post","status-publish","format-standard","has-post-thumbnail","hentry","category-bolivia","category-economia"],"_links":{"self":[{"href":"https:\/\/eldiariovirtual.com\/index.php\/wp-json\/wp\/v2\/posts\/10509","targetHints":{"allow":["GET"]}}],"collection":[{"href":"https:\/\/eldiariovirtual.com\/index.php\/wp-json\/wp\/v2\/posts"}],"about":[{"href":"https:\/\/eldiariovirtual.com\/index.php\/wp-json\/wp\/v2\/types\/post"}],"author":[{"embeddable":true,"href":"https:\/\/eldiariovirtual.com\/index.php\/wp-json\/wp\/v2\/users\/1"}],"replies":[{"embeddable":true,"href":"https:\/\/eldiariovirtual.com\/index.php\/wp-json\/wp\/v2\/comments?post=10509"}],"version-history":[{"count":1,"href":"https:\/\/eldiariovirtual.com\/index.php\/wp-json\/wp\/v2\/posts\/10509\/revisions"}],"predecessor-version":[{"id":10511,"href":"https:\/\/eldiariovirtual.com\/index.php\/wp-json\/wp\/v2\/posts\/10509\/revisions\/10511"}],"wp:featuredmedia":[{"embeddable":true,"href":"https:\/\/eldiariovirtual.com\/index.php\/wp-json\/wp\/v2\/media\/10510"}],"wp:attachment":[{"href":"https:\/\/eldiariovirtual.com\/index.php\/wp-json\/wp\/v2\/media?parent=10509"}],"wp:term":[{"taxonomy":"category","embeddable":true,"href":"https:\/\/eldiariovirtual.com\/index.php\/wp-json\/wp\/v2\/categories?post=10509"},{"taxonomy":"post_tag","embeddable":true,"href":"https:\/\/eldiariovirtual.com\/index.php\/wp-json\/wp\/v2\/tags?post=10509"}],"curies":[{"name":"wp","href":"https:\/\/api.w.org\/{rel}","templated":true}]}}