{"id":10526,"date":"2025-03-12T18:27:31","date_gmt":"2025-03-12T22:27:31","guid":{"rendered":"https:\/\/eldiariovirtual.com\/?p=10526"},"modified":"2025-03-12T18:27:31","modified_gmt":"2025-03-12T22:27:31","slug":"tarija-alcaldia-y-gobernacion-establecen-horario-continuo-por-la-falta-de-carburantes","status":"publish","type":"post","link":"https:\/\/eldiariovirtual.com\/index.php\/2025\/03\/12\/tarija-alcaldia-y-gobernacion-establecen-horario-continuo-por-la-falta-de-carburantes\/","title":{"rendered":"Tarija: Alcald\u00eda y Gobernaci\u00f3n establecen horario continuo por la falta de carburantes"},"content":{"rendered":"\n<p><strong>Ante la escasez de carburantes (di\u00e9sel y gasolina), la Gobernaci\u00f3n de Tarija y la Alcald\u00eda determinaron establecer horario continuo en la atenci\u00f3n de sus oficinas.<\/strong><\/p>\n\n\n\n<figure class=\"wp-block-image size-full\"><img loading=\"lazy\" decoding=\"async\" width=\"980\" height=\"551\" src=\"https:\/\/eldiariovirtual.com\/wp-content\/uploads\/2025\/03\/image-35.png\" alt=\"\" class=\"wp-image-10527\" srcset=\"https:\/\/eldiariovirtual.com\/wp-content\/uploads\/2025\/03\/image-35.png 980w, https:\/\/eldiariovirtual.com\/wp-content\/uploads\/2025\/03\/image-35-300x169.png 300w, https:\/\/eldiariovirtual.com\/wp-content\/uploads\/2025\/03\/image-35-768x432.png 768w\" sizes=\"auto, (max-width: 980px) 100vw, 980px\" \/><\/figure>\n\n\n\n<p>La directora municipal de Recursos Humanos de la Alcald\u00eda, Heydi Antelo, confirm\u00f3 que ya se emiti\u00f3 un instructivo a todos los funcionarios del Municipio, \u201cpara que no est\u00e9n yendo y viniendo\u201d.<\/p>\n\n\n\n<p>\u201cLa Alcald\u00eda va a trabajar en horarios de 08.00 a 16.00 horas, esto para que las actividades se desarrollen de manera normal, sin perjudicar a la poblaci\u00f3n\u201d, dijo y pidi\u00f3 a los ciudadanos tener en cuenta estos horarios para la realizaci\u00f3n de los tr\u00e1mites.<\/p>\n\n\n\n<p>La Gobernaci\u00f3n de Tarija tambi\u00e9n emiti\u00f3 un comunicado dando a conocer el horario continuo de trabajo de sus funcionarios \u201cdebido a la falta de carburantes que dificulta el transporte del personal\u201d.<\/p>\n\n\n\n<p>Y es que debido a la falta de carburantes, los usuarios han reportado una disminuci\u00f3n de micros y minivans, debido a que estar\u00edan haciendo fila en los surtidores a la espera de cargar di\u00e9sel o gasolina.<\/p>\n\n\n\n<p><\/p>\n","protected":false},"excerpt":{"rendered":"<p>Ante la escasez de carburantes (di\u00e9sel y gasolina), la Gobernaci\u00f3n de Tarija y la Alcald\u00eda&#8230;<\/p>\n","protected":false},"author":1,"featured_media":10527,"comment_status":"closed","ping_status":"closed","sticky":false,"template":"","format":"standard","meta":{"fifu_image_url":"","fifu_image_alt":"","footnotes":""},"categories":[45,23],"tags":[],"class_list":["post-10526","post","type-post","status-publish","format-standard","has-post-thumbnail","hentry","category-sociedad","category-tarija"],"_links":{"self":[{"href":"https:\/\/eldiariovirtual.com\/index.php\/wp-json\/wp\/v2\/posts\/10526","targetHints":{"allow":["GET"]}}],"collection":[{"href":"https:\/\/eldiariovirtual.com\/index.php\/wp-json\/wp\/v2\/posts"}],"about":[{"href":"https:\/\/eldiariovirtual.com\/index.php\/wp-json\/wp\/v2\/types\/post"}],"author":[{"embeddable":true,"href":"https:\/\/eldiariovirtual.com\/index.php\/wp-json\/wp\/v2\/users\/1"}],"replies":[{"embeddable":true,"href":"https:\/\/eldiariovirtual.com\/index.php\/wp-json\/wp\/v2\/comments?post=10526"}],"version-history":[{"count":1,"href":"https:\/\/eldiariovirtual.com\/index.php\/wp-json\/wp\/v2\/posts\/10526\/revisions"}],"predecessor-version":[{"id":10528,"href":"https:\/\/eldiariovirtual.com\/index.php\/wp-json\/wp\/v2\/posts\/10526\/revisions\/10528"}],"wp:featuredmedia":[{"embeddable":true,"href":"https:\/\/eldiariovirtual.com\/index.php\/wp-json\/wp\/v2\/media\/10527"}],"wp:attachment":[{"href":"https:\/\/eldiariovirtual.com\/index.php\/wp-json\/wp\/v2\/media?parent=10526"}],"wp:term":[{"taxonomy":"category","embeddable":true,"href":"https:\/\/eldiariovirtual.com\/index.php\/wp-json\/wp\/v2\/categories?post=10526"},{"taxonomy":"post_tag","embeddable":true,"href":"https:\/\/eldiariovirtual.com\/index.php\/wp-json\/wp\/v2\/tags?post=10526"}],"curies":[{"name":"wp","href":"https:\/\/api.w.org\/{rel}","templated":true}]}}