{"id":10533,"date":"2025-03-14T17:51:14","date_gmt":"2025-03-14T21:51:14","guid":{"rendered":"https:\/\/eldiariovirtual.com\/?p=10533"},"modified":"2025-03-14T17:51:14","modified_gmt":"2025-03-14T21:51:14","slug":"branko-declina-su-candidatura-y-respalda-a-tuto-es-la-opcion-con-mayor-fuerza","status":"publish","type":"post","link":"https:\/\/eldiariovirtual.com\/index.php\/2025\/03\/14\/branko-declina-su-candidatura-y-respalda-a-tuto-es-la-opcion-con-mayor-fuerza\/","title":{"rendered":"Branko declina su candidatura y respalda a Tuto: \u201cEs la opci\u00f3n con mayor fuerza\u201d"},"content":{"rendered":"\n<p><strong>En los \u00faltimos d\u00edas, el tambi\u00e9n cruce\u00f1o Vicente Cu\u00e9llar renunci\u00f3 a su candidatura para respaldar a Samuel Doria Medina. Los actores pol\u00edticos se reorganizan con miras a las elecciones, formando nuevas alianzas.<\/strong><\/p>\n\n\n\n<figure class=\"wp-block-image size-large\"><img loading=\"lazy\" decoding=\"async\" width=\"1024\" height=\"576\" src=\"https:\/\/eldiariovirtual.com\/wp-content\/uploads\/2025\/03\/image-37-1024x576.png\" alt=\"\" class=\"wp-image-10534\" srcset=\"https:\/\/eldiariovirtual.com\/wp-content\/uploads\/2025\/03\/image-37-1024x576.png 1024w, https:\/\/eldiariovirtual.com\/wp-content\/uploads\/2025\/03\/image-37-300x169.png 300w, https:\/\/eldiariovirtual.com\/wp-content\/uploads\/2025\/03\/image-37-768x432.png 768w, https:\/\/eldiariovirtual.com\/wp-content\/uploads\/2025\/03\/image-37.png 1200w\" sizes=\"auto, (max-width: 1024px) 100vw, 1024px\" \/><\/figure>\n\n\n\n<p>El precandidato y empresario cruce\u00f1o Branko Marinkovic anunci\u00f3 este jueves su renuncia a la candidatura presidencial y decidi\u00f3 respaldar a Jorge \u00abTuto\u00bb Quiroga de cara a las elecciones del 17 de agosto. Sin embargo, dej\u00f3 claro que no ser\u00e1 parte del bloque de unidad de la oposici\u00f3n.<\/p>\n\n\n\n<p>\u201cDecid\u00ed declinar mi candidatura a la presidencia porque&nbsp;<a href=\"https:\/\/www.opinion.com.bo\/articulo\/pais\/branko-declina-candidatura-respalda-tuto-es-opcion-mayor-fuerza\/20250313150320968481.html#\">&nbsp;Bolivia<\/a>&nbsp;necesita una estrategia para salir de este modelo que solo trajo crisis y pobreza. Lo urgente es sacar al MAS del poder y por eso tom\u00e9 la decisi\u00f3n de brindar mi apoyo a Jorge Tuto Quiroga, quien en este momento es la \u00fanica opci\u00f3n con mayor fuerza para enfrentar al r\u00e9gimen y dar pelea\u201d, afirm\u00f3 Marinkovic en conferencia de prensa.<\/p>\n\n\n\n<p>El empresario cruce\u00f1o, quien era uno de los precandidatos rumbo a las presidenciales del 17 de agosto, enfatiz\u00f3 que su decisi\u00f3n no implica respaldo al bloque de unidad del cual es parte Quiroga. \u201cQuiero ser claro: no formar\u00e9 parte del bloque de unidad porque lo sigo considerando una \u2018juntucha\u2019 (agrupar) para el reparto de pegas. No me interesa la pol\u00edtica para negociar cargos, mi \u00fanico compromiso es con Bolivia y su gente\u201d, subray\u00f3. &nbsp;<\/p>\n\n\n\n<p>Asimismo, Marinkovic destac\u00f3 que su plan econ\u00f3mico ser\u00e1 entregado a Quiroga para que su equipo lo analice. \u201cPongo a disposici\u00f3n de Tuto mi plan econ\u00f3mico, que est\u00e1 basado en ideas de libertad\u201d, concluy\u00f3.<\/p>\n","protected":false},"excerpt":{"rendered":"<p>En los \u00faltimos d\u00edas, el tambi\u00e9n cruce\u00f1o Vicente Cu\u00e9llar renunci\u00f3 a su candidatura para respaldar&#8230;<\/p>\n","protected":false},"author":1,"featured_media":10534,"comment_status":"closed","ping_status":"closed","sticky":false,"template":"","format":"standard","meta":{"fifu_image_url":"","fifu_image_alt":"","footnotes":""},"categories":[22,30],"tags":[],"class_list":["post-10533","post","type-post","status-publish","format-standard","has-post-thumbnail","hentry","category-bolivia","category-politica"],"_links":{"self":[{"href":"https:\/\/eldiariovirtual.com\/index.php\/wp-json\/wp\/v2\/posts\/10533","targetHints":{"allow":["GET"]}}],"collection":[{"href":"https:\/\/eldiariovirtual.com\/index.php\/wp-json\/wp\/v2\/posts"}],"about":[{"href":"https:\/\/eldiariovirtual.com\/index.php\/wp-json\/wp\/v2\/types\/post"}],"author":[{"embeddable":true,"href":"https:\/\/eldiariovirtual.com\/index.php\/wp-json\/wp\/v2\/users\/1"}],"replies":[{"embeddable":true,"href":"https:\/\/eldiariovirtual.com\/index.php\/wp-json\/wp\/v2\/comments?post=10533"}],"version-history":[{"count":1,"href":"https:\/\/eldiariovirtual.com\/index.php\/wp-json\/wp\/v2\/posts\/10533\/revisions"}],"predecessor-version":[{"id":10535,"href":"https:\/\/eldiariovirtual.com\/index.php\/wp-json\/wp\/v2\/posts\/10533\/revisions\/10535"}],"wp:featuredmedia":[{"embeddable":true,"href":"https:\/\/eldiariovirtual.com\/index.php\/wp-json\/wp\/v2\/media\/10534"}],"wp:attachment":[{"href":"https:\/\/eldiariovirtual.com\/index.php\/wp-json\/wp\/v2\/media?parent=10533"}],"wp:term":[{"taxonomy":"category","embeddable":true,"href":"https:\/\/eldiariovirtual.com\/index.php\/wp-json\/wp\/v2\/categories?post=10533"},{"taxonomy":"post_tag","embeddable":true,"href":"https:\/\/eldiariovirtual.com\/index.php\/wp-json\/wp\/v2\/tags?post=10533"}],"curies":[{"name":"wp","href":"https:\/\/api.w.org\/{rel}","templated":true}]}}