{"id":10540,"date":"2025-03-14T17:58:21","date_gmt":"2025-03-14T21:58:21","guid":{"rendered":"https:\/\/eldiariovirtual.com\/?p=10540"},"modified":"2025-03-14T17:58:21","modified_gmt":"2025-03-14T21:58:21","slug":"montano-culpa-a-transportistas-y-evistas-de-debilitar-las-carreteras-con-sus-bloqueos","status":"publish","type":"post","link":"https:\/\/eldiariovirtual.com\/index.php\/2025\/03\/14\/montano-culpa-a-transportistas-y-evistas-de-debilitar-las-carreteras-con-sus-bloqueos\/","title":{"rendered":"Monta\u00f1o culpa a transportistas y \u2018evistas\u2019 de debilitar las carreteras con sus bloqueos"},"content":{"rendered":"\n<p>De esa manera, Monta\u00f1o neg\u00f3 las acusaciones de los transportistas que atribuyeron los colapsos a una falta de mantenimiento en las carreteras por parte de las autoridades. \u00a0<\/p>\n\n\n\n<figure class=\"wp-block-image size-large\"><img loading=\"lazy\" decoding=\"async\" width=\"1024\" height=\"742\" src=\"https:\/\/eldiariovirtual.com\/wp-content\/uploads\/2025\/03\/image-40-1024x742.png\" alt=\"\" class=\"wp-image-10541\" srcset=\"https:\/\/eldiariovirtual.com\/wp-content\/uploads\/2025\/03\/image-40-1024x742.png 1024w, https:\/\/eldiariovirtual.com\/wp-content\/uploads\/2025\/03\/image-40-300x218.png 300w, https:\/\/eldiariovirtual.com\/wp-content\/uploads\/2025\/03\/image-40-768x557.png 768w, https:\/\/eldiariovirtual.com\/wp-content\/uploads\/2025\/03\/image-40-1536x1114.png 1536w, https:\/\/eldiariovirtual.com\/wp-content\/uploads\/2025\/03\/image-40-2048x1485.png 2048w\" sizes=\"auto, (max-width: 1024px) 100vw, 1024px\" \/><\/figure>\n\n\n\n<p>Despu\u00e9s de los hechos de colapso en carreteras del pa\u00eds en medio de las lluvias, el ministro de Obras, \u00c9dgar Monta\u00f1o, acus\u00f3 a los bloqueos de transportistas y el ala \u201cevista\u201d por haber debilitado las plataformas de los caminos con sus medidas de presi\u00f3n.<\/p>\n\n\n\n<p>\u201cEllos (transportistas) fueron los que bloquearon. Ellos fueron los que quemaron llantas sobre la plataforma, sobre el asfalto y eso obviamente ha da\u00f1ado. M\u00e1s el ala \u2018evista\u2019 que en Parotani, todo este sector de Bombeo, ha hecho dinamitar pues la plataforma. Hay que decirlo no m\u00e1s, ah\u00ed est\u00e1n los culpables, ellos son los que han debilitado la plataforma de las carreteras\u201d, afirm\u00f3 el Ministro en una conferencia de prensa en&nbsp;<a href=\"https:\/\/www.opinion.com.bo\/articulo\/pais\/montano-culpa-transportistas-evistas-debilitar-carreteras-bloqueos\/20250314121134968541.html#\">&nbsp;Cochabamba<\/a>.<\/p>\n\n\n\n<p>Monta\u00f1o se refiri\u00f3 en particular el colapso de la plataforma en Llavini, en la carretera Oruro-Cochabamba, donde ya se pudo habilitar el paso para veh\u00edculos livianos.<\/p>\n\n\n\n<p>Si bien se trabaja en habilitar la carretera con mayor amplitud, Monta\u00f1o estim\u00f3 que una soluci\u00f3n al 100% tardar\u00e1 entre ocho meses a un a\u00f1o.<\/p>\n\n\n\n<p>\u201cEfectivamente a raz\u00f3n de los bloqueos y de los dinamitazos en ese sector, precisamente es que se ha debilitado la plataforma. Entonces necesitamos necesariamente el informe de los especialistas para dar una soluci\u00f3n total\u201d, agreg\u00f3.<\/p>\n","protected":false},"excerpt":{"rendered":"<p>De esa manera, Monta\u00f1o neg\u00f3 las acusaciones de los transportistas que atribuyeron los colapsos a&#8230;<\/p>\n","protected":false},"author":1,"featured_media":10538,"comment_status":"closed","ping_status":"closed","sticky":false,"template":"","format":"standard","meta":{"fifu_image_url":"","fifu_image_alt":"","footnotes":""},"categories":[22,31],"tags":[],"class_list":["post-10540","post","type-post","status-publish","format-standard","has-post-thumbnail","hentry","category-bolivia","category-economia"],"_links":{"self":[{"href":"https:\/\/eldiariovirtual.com\/index.php\/wp-json\/wp\/v2\/posts\/10540","targetHints":{"allow":["GET"]}}],"collection":[{"href":"https:\/\/eldiariovirtual.com\/index.php\/wp-json\/wp\/v2\/posts"}],"about":[{"href":"https:\/\/eldiariovirtual.com\/index.php\/wp-json\/wp\/v2\/types\/post"}],"author":[{"embeddable":true,"href":"https:\/\/eldiariovirtual.com\/index.php\/wp-json\/wp\/v2\/users\/1"}],"replies":[{"embeddable":true,"href":"https:\/\/eldiariovirtual.com\/index.php\/wp-json\/wp\/v2\/comments?post=10540"}],"version-history":[{"count":1,"href":"https:\/\/eldiariovirtual.com\/index.php\/wp-json\/wp\/v2\/posts\/10540\/revisions"}],"predecessor-version":[{"id":10542,"href":"https:\/\/eldiariovirtual.com\/index.php\/wp-json\/wp\/v2\/posts\/10540\/revisions\/10542"}],"wp:featuredmedia":[{"embeddable":true,"href":"https:\/\/eldiariovirtual.com\/index.php\/wp-json\/wp\/v2\/media\/10538"}],"wp:attachment":[{"href":"https:\/\/eldiariovirtual.com\/index.php\/wp-json\/wp\/v2\/media?parent=10540"}],"wp:term":[{"taxonomy":"category","embeddable":true,"href":"https:\/\/eldiariovirtual.com\/index.php\/wp-json\/wp\/v2\/categories?post=10540"},{"taxonomy":"post_tag","embeddable":true,"href":"https:\/\/eldiariovirtual.com\/index.php\/wp-json\/wp\/v2\/tags?post=10540"}],"curies":[{"name":"wp","href":"https:\/\/api.w.org\/{rel}","templated":true}]}}