{"id":10566,"date":"2025-03-18T18:17:56","date_gmt":"2025-03-18T22:17:56","guid":{"rendered":"https:\/\/eldiariovirtual.com\/?p=10566"},"modified":"2025-03-18T18:20:37","modified_gmt":"2025-03-18T22:20:37","slug":"manfred-y-chi-anuncian-su-alianza-de-cara-a-las-elecciones-presidenciales-2025-definiran-el-candidato-mediante-encuesta","status":"publish","type":"post","link":"https:\/\/eldiariovirtual.com\/index.php\/2025\/03\/18\/manfred-y-chi-anuncian-su-alianza-de-cara-a-las-elecciones-presidenciales-2025-definiran-el-candidato-mediante-encuesta\/","title":{"rendered":"Manfred y Chi anuncian su alianza de cara a las elecciones presidenciales 2025: definir\u00e1n el candidato mediante encuesta"},"content":{"rendered":"\n<p>Surge otro nuevo frente electoral. Manfred Reyes Villa y Chi Hyun Chung anunciaron este martes su alianza con miras a los comicios de agosto de 2025.<\/p>\n\n\n\n<figure class=\"wp-block-image size-large\"><img loading=\"lazy\" decoding=\"async\" width=\"1024\" height=\"599\" src=\"https:\/\/eldiariovirtual.com\/wp-content\/uploads\/2025\/03\/image-49-1024x599.png\" alt=\"\" class=\"wp-image-10567\" srcset=\"https:\/\/eldiariovirtual.com\/wp-content\/uploads\/2025\/03\/image-49-1024x599.png 1024w, https:\/\/eldiariovirtual.com\/wp-content\/uploads\/2025\/03\/image-49-300x175.png 300w, https:\/\/eldiariovirtual.com\/wp-content\/uploads\/2025\/03\/image-49-768x449.png 768w, https:\/\/eldiariovirtual.com\/wp-content\/uploads\/2025\/03\/image-49.png 1072w\" sizes=\"auto, (max-width: 1024px) 100vw, 1024px\" \/><\/figure>\n\n\n\n<p>En una conferencia de prensa en La Paz, el alcalde de Cochabamba y el pastor nacido en Corea del Sur informaron que han decidido aliarse, al constatar que tienen coincidencias en sus miradas sobre el pa\u00eds.<\/p>\n\n\n\n<p>Aclararon que ninguno de los dos se baja de la candidatura por ahora, sino que en abril se llevar\u00e1 una encuesta para definir al postulante del bloque.<\/p>\n\n\n\n<p>\u201cEs el mes de abril vamos a hacer una encuesta a nivel nacional, quien vaya primero por una diferencia importante ser\u00e1 pues el candidato\u201d, recalc\u00f3 Manfred.<\/p>\n\n\n\n<p>El Alcalde enfatiz\u00f3 que esta encuesta es distinta a la que realizar\u00e1 el otro bloque opositor, donde a\u00fan pugnan Jorge Tuto Quiroga y Samuel Doria Medina.<\/p>\n","protected":false},"excerpt":{"rendered":"<p>Surge otro nuevo frente electoral. Manfred Reyes Villa y Chi Hyun Chung anunciaron este martes&#8230;<\/p>\n","protected":false},"author":1,"featured_media":10567,"comment_status":"closed","ping_status":"closed","sticky":false,"template":"","format":"standard","meta":{"fifu_image_url":"","fifu_image_alt":"","footnotes":""},"categories":[30,45],"tags":[],"class_list":["post-10566","post","type-post","status-publish","format-standard","has-post-thumbnail","hentry","category-politica","category-sociedad"],"_links":{"self":[{"href":"https:\/\/eldiariovirtual.com\/index.php\/wp-json\/wp\/v2\/posts\/10566","targetHints":{"allow":["GET"]}}],"collection":[{"href":"https:\/\/eldiariovirtual.com\/index.php\/wp-json\/wp\/v2\/posts"}],"about":[{"href":"https:\/\/eldiariovirtual.com\/index.php\/wp-json\/wp\/v2\/types\/post"}],"author":[{"embeddable":true,"href":"https:\/\/eldiariovirtual.com\/index.php\/wp-json\/wp\/v2\/users\/1"}],"replies":[{"embeddable":true,"href":"https:\/\/eldiariovirtual.com\/index.php\/wp-json\/wp\/v2\/comments?post=10566"}],"version-history":[{"count":1,"href":"https:\/\/eldiariovirtual.com\/index.php\/wp-json\/wp\/v2\/posts\/10566\/revisions"}],"predecessor-version":[{"id":10568,"href":"https:\/\/eldiariovirtual.com\/index.php\/wp-json\/wp\/v2\/posts\/10566\/revisions\/10568"}],"wp:featuredmedia":[{"embeddable":true,"href":"https:\/\/eldiariovirtual.com\/index.php\/wp-json\/wp\/v2\/media\/10567"}],"wp:attachment":[{"href":"https:\/\/eldiariovirtual.com\/index.php\/wp-json\/wp\/v2\/media?parent=10566"}],"wp:term":[{"taxonomy":"category","embeddable":true,"href":"https:\/\/eldiariovirtual.com\/index.php\/wp-json\/wp\/v2\/categories?post=10566"},{"taxonomy":"post_tag","embeddable":true,"href":"https:\/\/eldiariovirtual.com\/index.php\/wp-json\/wp\/v2\/tags?post=10566"}],"curies":[{"name":"wp","href":"https:\/\/api.w.org\/{rel}","templated":true}]}}