{"id":10573,"date":"2025-03-21T18:25:00","date_gmt":"2025-03-21T22:25:00","guid":{"rendered":"https:\/\/eldiariovirtual.com\/?p=10573"},"modified":"2025-03-21T18:25:01","modified_gmt":"2025-03-21T22:25:01","slug":"concejo-aprueba-ley-de-declaratoria-de-emergencia-por-deslizamiento-en-la-otb-nuevo-amanecer","status":"publish","type":"post","link":"https:\/\/eldiariovirtual.com\/index.php\/2025\/03\/21\/concejo-aprueba-ley-de-declaratoria-de-emergencia-por-deslizamiento-en-la-otb-nuevo-amanecer\/","title":{"rendered":"Concejo aprueba Ley de Declaratoria de Emergencia por deslizamiento en la OTB Nuevo Amanecer"},"content":{"rendered":"\n<p>Durante la inspecci\u00f3n SE evidenci\u00f3 que a pesar de haber parado las lluvias, contin\u00faa el deslizamiento afectando a m\u00e1s viviendas. La autoridad dijo que la inspecci\u00f3n arroja datos preocupantes como 30 familias o 30 propiedades que son las m\u00e1s damnificadas, son dos o tres manzanos.<\/p>\n\n\n\n<figure class=\"wp-block-image size-large\"><img loading=\"lazy\" decoding=\"async\" width=\"1024\" height=\"572\" src=\"https:\/\/eldiariovirtual.com\/wp-content\/uploads\/2025\/03\/image-51-1024x572.png\" alt=\"\" class=\"wp-image-10574\" srcset=\"https:\/\/eldiariovirtual.com\/wp-content\/uploads\/2025\/03\/image-51-1024x572.png 1024w, https:\/\/eldiariovirtual.com\/wp-content\/uploads\/2025\/03\/image-51-300x167.png 300w, https:\/\/eldiariovirtual.com\/wp-content\/uploads\/2025\/03\/image-51-768x429.png 768w, https:\/\/eldiariovirtual.com\/wp-content\/uploads\/2025\/03\/image-51.png 1186w\" sizes=\"auto, (max-width: 1024px) 100vw, 1024px\" \/><\/figure>\n\n\n\n<p>El concejal Walter Flores realiz\u00f3 una inspecci\u00f3n a la OTB Nuevo Amanecer del Distrito 8, con la finalidad de evidenciar los da\u00f1os en las viviendas afectadas por una falla geol\u00f3gica e informar a los vecinos afectados que el Concejo Municipal aprob\u00f3 la Ley de Declaratoria de Emergencia Municipal por Deslizamiento en la O.T.B. Nuevo Amanecer \u2013 Serran\u00eda Ticti, Distrito 8.<\/p>\n\n\n\n<p>El Concejal Flores sostuvo\u00a0 que es importante hacer un estudio de suelos, \u201ces importante esta ley que le va a permitir al ejecutivo, al se\u00f1or Alcalde, poder \u00a0hacer los trabajos que se requieren, al margen del trabajo que desarrolla la UGR con maquinaria pesada, dijo.<\/p>\n\n\n\n<p>Respecto a la ley de declaratoria municipal de emergencia para la OTB Nuevo Amanecer en el distrito 8, sostuvo \u201ces importante esta ley que se ha aprobado en el Concejo Municipal, ya con los trabajos de contingencia que ha estado haciendo la UGR, porque le va a dar todos los instrumentos t\u00e9cnicos, administrativos, legales \u00a0y sobre todo econ\u00f3micos al municipio, al ejecutivo, para que se pueda hacer el estudio correspondiente, un estudio geol\u00f3gico que nos va a permitir zonificar y realizar un diagn\u00f3stico\u201d, manifest\u00f3.<\/p>\n\n\n\n<p>Recalc\u00f3 que la UGR del Gobierno Municipal ha estado actuando de manera inmediata, d\u00e1ndoles albergue a las familias que han sufrido este desastre y tambi\u00e9n viendo que aquellas casas que se est\u00e1n cayendo, facilitar la maquinaria para hacer caer las viviendas afectadas. Asimismo se han cortado los ductos de alcantarillado, de agua, de instalaci\u00f3n el\u00e9ctrica &nbsp;para poder cuidar y precautelar la vida de las familias.<\/p>\n\n\n\n<p>En ese entendido, mientras se realiza el estudio se realizara trabajos paralelos de mitigaci\u00f3n como sellado de fisuras en pavimentos, demolici\u00f3n de viviendas, traslado de escombros, monitoreo constante, verificaci\u00f3n de redes de agua potables, alcantarillado sanitario y pluvial, construcci\u00f3n de canales y cunetas, priorizando necesidades que tengan por objeto adoptar decisiones y ejecutar las acciones de mitigaci\u00f3n preparatorias, tendientes a superar los efectos destructivos.<\/p>\n\n\n\n<p>\u201cHemos visto tambi\u00e9n que no se han hecho los cordones, trabajos importantes de mitigaci\u00f3n y de responsabilidad tambi\u00e9n de los vecinos que tendr\u00edan que haberlo hecho y vemos esta situaci\u00f3n realmente triste; pero sin embargo como autoridades debemos actuar de manera responsable aprobando esta ley &nbsp;y tambi\u00e9n pidiendo que los aspectos t\u00e9cnicos vayan a primar &nbsp;para ver la realidad de la zona que vive esta emergencia en la OTB Nuevo Amanecer y una aleda\u00f1a\u201d, concluy\u00f3 Flores.<\/p>\n\n\n\n<p><\/p>\n","protected":false},"excerpt":{"rendered":"<p>Durante la inspecci\u00f3n SE evidenci\u00f3 que a pesar de haber parado las lluvias, contin\u00faa el&#8230;<\/p>\n","protected":false},"author":1,"featured_media":10574,"comment_status":"closed","ping_status":"closed","sticky":false,"template":"","format":"standard","meta":{"fifu_image_url":"","fifu_image_alt":"","footnotes":""},"categories":[22],"tags":[],"class_list":["post-10573","post","type-post","status-publish","format-standard","has-post-thumbnail","hentry","category-bolivia"],"_links":{"self":[{"href":"https:\/\/eldiariovirtual.com\/index.php\/wp-json\/wp\/v2\/posts\/10573","targetHints":{"allow":["GET"]}}],"collection":[{"href":"https:\/\/eldiariovirtual.com\/index.php\/wp-json\/wp\/v2\/posts"}],"about":[{"href":"https:\/\/eldiariovirtual.com\/index.php\/wp-json\/wp\/v2\/types\/post"}],"author":[{"embeddable":true,"href":"https:\/\/eldiariovirtual.com\/index.php\/wp-json\/wp\/v2\/users\/1"}],"replies":[{"embeddable":true,"href":"https:\/\/eldiariovirtual.com\/index.php\/wp-json\/wp\/v2\/comments?post=10573"}],"version-history":[{"count":1,"href":"https:\/\/eldiariovirtual.com\/index.php\/wp-json\/wp\/v2\/posts\/10573\/revisions"}],"predecessor-version":[{"id":10575,"href":"https:\/\/eldiariovirtual.com\/index.php\/wp-json\/wp\/v2\/posts\/10573\/revisions\/10575"}],"wp:featuredmedia":[{"embeddable":true,"href":"https:\/\/eldiariovirtual.com\/index.php\/wp-json\/wp\/v2\/media\/10574"}],"wp:attachment":[{"href":"https:\/\/eldiariovirtual.com\/index.php\/wp-json\/wp\/v2\/media?parent=10573"}],"wp:term":[{"taxonomy":"category","embeddable":true,"href":"https:\/\/eldiariovirtual.com\/index.php\/wp-json\/wp\/v2\/categories?post=10573"},{"taxonomy":"post_tag","embeddable":true,"href":"https:\/\/eldiariovirtual.com\/index.php\/wp-json\/wp\/v2\/tags?post=10573"}],"curies":[{"name":"wp","href":"https:\/\/api.w.org\/{rel}","templated":true}]}}