{"id":10579,"date":"2025-03-19T14:35:35","date_gmt":"2025-03-19T18:35:35","guid":{"rendered":"https:\/\/eldiariovirtual.com\/?p=10579"},"modified":"2025-03-21T18:35:49","modified_gmt":"2025-03-21T22:35:49","slug":"investigan-17-casos-de-almacenaje-y-compra-ilegal-de-combustibles-en-sucre","status":"publish","type":"post","link":"https:\/\/eldiariovirtual.com\/index.php\/2025\/03\/19\/investigan-17-casos-de-almacenaje-y-compra-ilegal-de-combustibles-en-sucre\/","title":{"rendered":"Investigan 17 casos de almacenaje y compra ilegal de combustibles en Sucre"},"content":{"rendered":"\n<p><em>La Fiscal\u00eda departamental de Chuquisaca inform\u00f3 que, del total de casos atendidos, dos se encuentran en etapa de juicio y el resto en fase preliminar y preparatoria<\/em><\/p>\n\n\n\n<figure class=\"wp-block-image size-full\"><img loading=\"lazy\" decoding=\"async\" width=\"980\" height=\"737\" src=\"https:\/\/eldiariovirtual.com\/wp-content\/uploads\/2025\/03\/image-53.png\" alt=\"\" class=\"wp-image-10580\" srcset=\"https:\/\/eldiariovirtual.com\/wp-content\/uploads\/2025\/03\/image-53.png 980w, https:\/\/eldiariovirtual.com\/wp-content\/uploads\/2025\/03\/image-53-300x226.png 300w, https:\/\/eldiariovirtual.com\/wp-content\/uploads\/2025\/03\/image-53-768x578.png 768w\" sizes=\"auto, (max-width: 980px) 100vw, 980px\" \/><\/figure>\n\n\n\n<p>En el municipio de Sucre se investigan 17 casos de almacenaje y compra ilegal de combustibles en los que se procesa a varias personas, revel\u00f3 este viernes la Fiscal\u00eda departamental de Chuquisaca.<\/p>\n\n\n\n<p>En la \u00faltima semana, se detuvo y secuestr\u00f3 veh\u00edculos por los delitos de almacenaje, comercializaci\u00f3n y compra ilegal de di\u00e9sel o\u00edl, gasolinas y gas licuado de petr\u00f3leo.<\/p>\n\n\n\n<p>De los 17 casos investigados por el Ministerio P\u00fablico, un caso se procesa desde julio de 2023, siete corresponden a 2024 y nueve a 2025. \u201cDel total, dos est\u00e1n en etapa de juicio y el resto de casos se encuentran en fase preliminar y preparatoria\u201d, inform\u00f3 el informe del Fiscal de Materia, Fernando Arag\u00f3n, citado en un bolet\u00edn institucional.<\/p>\n","protected":false},"excerpt":{"rendered":"<p>La Fiscal\u00eda departamental de Chuquisaca inform\u00f3 que, del total de casos atendidos, dos se encuentran&#8230;<\/p>\n","protected":false},"author":1,"featured_media":10580,"comment_status":"closed","ping_status":"closed","sticky":false,"template":"","format":"standard","meta":{"fifu_image_url":"","fifu_image_alt":"","footnotes":""},"categories":[1],"tags":[],"class_list":["post-10579","post","type-post","status-publish","format-standard","has-post-thumbnail","hentry","category-sin-categoria"],"_links":{"self":[{"href":"https:\/\/eldiariovirtual.com\/index.php\/wp-json\/wp\/v2\/posts\/10579","targetHints":{"allow":["GET"]}}],"collection":[{"href":"https:\/\/eldiariovirtual.com\/index.php\/wp-json\/wp\/v2\/posts"}],"about":[{"href":"https:\/\/eldiariovirtual.com\/index.php\/wp-json\/wp\/v2\/types\/post"}],"author":[{"embeddable":true,"href":"https:\/\/eldiariovirtual.com\/index.php\/wp-json\/wp\/v2\/users\/1"}],"replies":[{"embeddable":true,"href":"https:\/\/eldiariovirtual.com\/index.php\/wp-json\/wp\/v2\/comments?post=10579"}],"version-history":[{"count":1,"href":"https:\/\/eldiariovirtual.com\/index.php\/wp-json\/wp\/v2\/posts\/10579\/revisions"}],"predecessor-version":[{"id":10581,"href":"https:\/\/eldiariovirtual.com\/index.php\/wp-json\/wp\/v2\/posts\/10579\/revisions\/10581"}],"wp:featuredmedia":[{"embeddable":true,"href":"https:\/\/eldiariovirtual.com\/index.php\/wp-json\/wp\/v2\/media\/10580"}],"wp:attachment":[{"href":"https:\/\/eldiariovirtual.com\/index.php\/wp-json\/wp\/v2\/media?parent=10579"}],"wp:term":[{"taxonomy":"category","embeddable":true,"href":"https:\/\/eldiariovirtual.com\/index.php\/wp-json\/wp\/v2\/categories?post=10579"},{"taxonomy":"post_tag","embeddable":true,"href":"https:\/\/eldiariovirtual.com\/index.php\/wp-json\/wp\/v2\/tags?post=10579"}],"curies":[{"name":"wp","href":"https:\/\/api.w.org\/{rel}","templated":true}]}}