{"id":10683,"date":"2025-04-10T11:00:45","date_gmt":"2025-04-10T15:00:45","guid":{"rendered":"https:\/\/eldiariovirtual.com\/?p=10683"},"modified":"2025-04-10T11:00:45","modified_gmt":"2025-04-10T15:00:45","slug":"jhonny-confirma-que-esta-en-campana-electoral-tenemos-sigla-y-una-propuesta-clara","status":"publish","type":"post","link":"https:\/\/eldiariovirtual.com\/index.php\/2025\/04\/10\/jhonny-confirma-que-esta-en-campana-electoral-tenemos-sigla-y-una-propuesta-clara\/","title":{"rendered":"Jhonny confirma que est\u00e1 en campa\u00f1a electoral: \u201cTenemos sigla y una propuesta clara\u201d"},"content":{"rendered":"\n<p><em>El l\u00edder de UCS asegura que ya tiene el respaldo de juntas vecinales de El Alto y organizaciones sociales<\/em><\/p>\n\n\n\n<figure class=\"wp-block-image size-full\"><img loading=\"lazy\" decoding=\"async\" width=\"980\" height=\"625\" src=\"https:\/\/eldiariovirtual.com\/wp-content\/uploads\/2025\/04\/image-20.png\" alt=\"\" class=\"wp-image-10684\" srcset=\"https:\/\/eldiariovirtual.com\/wp-content\/uploads\/2025\/04\/image-20.png 980w, https:\/\/eldiariovirtual.com\/wp-content\/uploads\/2025\/04\/image-20-300x191.png 300w, https:\/\/eldiariovirtual.com\/wp-content\/uploads\/2025\/04\/image-20-768x490.png 768w\" sizes=\"auto, (max-width: 980px) 100vw, 980px\" \/><\/figure>\n\n\n\n<p>Con actos y visitas tanto en Santa Cruz como en La Paz, Jhonny Fern\u00e1ndez, l\u00edder de Unidad C\u00edvica Solidaridad (UCS), confirm\u00f3 que est\u00e1 en carrera rumbo a las elecciones generales.<\/p>\n\n\n\n<p>Durante un encuentro departamental celebrado en Santa Cruz, el Alcalde revel\u00f3 que UCS ya firm\u00f3 acuerdos con el 60% de las juntas vecinales de El Alto, as\u00ed como con diversos sectores gremiales, sindicatos mineros, campesinos y organizaciones sociales a nivel nacional. Hace unos d\u00edas, visit\u00f3 poblaciones rurales de La Paz.<\/p>\n\n\n\n<p>\u00abEsto ya no lo para nadie\u00bb, afirm\u00f3 Fern\u00e1ndez, destacando que las bases populares est\u00e1n migrando hacia su proyecto pol\u00edtico debido al desgaste de otras fuerzas tradicionales.<\/p>\n\n\n\n<p>En su discurso, Fern\u00e1ndez llam\u00f3 a la unidad en torno a UCS. \u00abTenemos sigla, estructura, buenos l\u00edderes y una propuesta clara para el pa\u00eds\u00bb, sostuvo, mientras instaba a sus seguidores a abrir las puertas a quienes deseen sumarse al movimiento, incluso a dirigentes y militantes de otros frentes que, seg\u00fan \u00e9l, \u00abya fracasaron\u00bb.<\/p>\n\n\n\n<p>El plan de UCS incluye dos actos masivos programados para este domingo en Cochabamba, donde se firmar\u00e1n convenios con al menos 25 organizaciones. Adem\u00e1s, se llevar\u00e1 a cabo una gran movilizaci\u00f3n el lunes en Santa Cruz con la participaci\u00f3n de gremialistas, transportistas, mototaxistas y vecinos de distintos barrios.<\/p>\n\n\n\n<p>Fern\u00e1ndez tambi\u00e9n adelant\u00f3 que habr\u00e1 concentraciones similares en Oruro, Potos\u00ed, Beni, Pando y otras regiones en lo que describi\u00f3 como \u201cla vuelta al pa\u00eds\u201d.<\/p>\n\n\n\n<p>\u00abVamos al pueblo, caminamos con ellos y los escuchamos. De ah\u00ed extraemos lo que sienten y lo que quieren; por eso hoy nos apoyan en La Paz, en El Alto y en las provincias\u00bb, enfatiz\u00f3 Fern\u00e1ndez. Su campa\u00f1a se basa en el contacto directo con la gente y no en disputas pol\u00edticas ni insultos.<\/p>\n\n\n\n<p>Adem\u00e1s, el l\u00edder de UCS destac\u00f3 las obras realizadas en Santa Cruz \u2013como los 420 km de pavimento\u2013 y anunci\u00f3 el inicio de un programa solidario para distribuir alimentos en barrios vulnerables. \u00abHay gente que no tiene ni para una cena. Nosotros no hacemos pol\u00edtica con odio, sino con ayuda. Queremos devolverle la esperanza a la gente\u00bb, manifest\u00f3.<\/p>\n\n\n\n<p>Fern\u00e1ndez cerr\u00f3 su intervenci\u00f3n con un mensaje de unidad nacional: \u00abLa unidad del oriente con el occidente ya es un hecho. A partir de ahora, cada dirigente y cada sector tiene la misi\u00f3n de organizarse. Porque este es el proyecto que Bolivia estaba esperando\u201d.<\/p>\n","protected":false},"excerpt":{"rendered":"<p>El l\u00edder de UCS asegura que ya tiene el respaldo de juntas vecinales de El&#8230;<\/p>\n","protected":false},"author":1,"featured_media":10684,"comment_status":"closed","ping_status":"closed","sticky":false,"template":"","format":"standard","meta":{"fifu_image_url":"","fifu_image_alt":"","footnotes":""},"categories":[22,30,43],"tags":[],"class_list":["post-10683","post","type-post","status-publish","format-standard","has-post-thumbnail","hentry","category-bolivia","category-politica","category-santa-cruz"],"_links":{"self":[{"href":"https:\/\/eldiariovirtual.com\/index.php\/wp-json\/wp\/v2\/posts\/10683","targetHints":{"allow":["GET"]}}],"collection":[{"href":"https:\/\/eldiariovirtual.com\/index.php\/wp-json\/wp\/v2\/posts"}],"about":[{"href":"https:\/\/eldiariovirtual.com\/index.php\/wp-json\/wp\/v2\/types\/post"}],"author":[{"embeddable":true,"href":"https:\/\/eldiariovirtual.com\/index.php\/wp-json\/wp\/v2\/users\/1"}],"replies":[{"embeddable":true,"href":"https:\/\/eldiariovirtual.com\/index.php\/wp-json\/wp\/v2\/comments?post=10683"}],"version-history":[{"count":1,"href":"https:\/\/eldiariovirtual.com\/index.php\/wp-json\/wp\/v2\/posts\/10683\/revisions"}],"predecessor-version":[{"id":10685,"href":"https:\/\/eldiariovirtual.com\/index.php\/wp-json\/wp\/v2\/posts\/10683\/revisions\/10685"}],"wp:featuredmedia":[{"embeddable":true,"href":"https:\/\/eldiariovirtual.com\/index.php\/wp-json\/wp\/v2\/media\/10684"}],"wp:attachment":[{"href":"https:\/\/eldiariovirtual.com\/index.php\/wp-json\/wp\/v2\/media?parent=10683"}],"wp:term":[{"taxonomy":"category","embeddable":true,"href":"https:\/\/eldiariovirtual.com\/index.php\/wp-json\/wp\/v2\/categories?post=10683"},{"taxonomy":"post_tag","embeddable":true,"href":"https:\/\/eldiariovirtual.com\/index.php\/wp-json\/wp\/v2\/tags?post=10683"}],"curies":[{"name":"wp","href":"https:\/\/api.w.org\/{rel}","templated":true}]}}