{"id":10737,"date":"2025-04-24T11:12:31","date_gmt":"2025-04-24T15:12:31","guid":{"rendered":"https:\/\/eldiariovirtual.com\/?p=10737"},"modified":"2025-04-24T11:12:31","modified_gmt":"2025-04-24T15:12:31","slug":"miles-de-fieles-despiden-al-papa-francisco-en-la-basilica-de-san-pedro","status":"publish","type":"post","link":"https:\/\/eldiariovirtual.com\/index.php\/2025\/04\/24\/miles-de-fieles-despiden-al-papa-francisco-en-la-basilica-de-san-pedro\/","title":{"rendered":"Miles de fieles despiden al papa Francisco en la Bas\u00edlica de San Pedro"},"content":{"rendered":"\n<p>El pont\u00edfice ser\u00e1 homenajeado durante tres jornadas de recogimiento y oraci\u00f3n, en las que la comunidad podr\u00e1 rendirle tributo final.\u00a0<\/p>\n\n\n\n<figure class=\"wp-block-image size-full\"><img loading=\"lazy\" decoding=\"async\" width=\"766\" height=\"432\" src=\"https:\/\/eldiariovirtual.com\/wp-content\/uploads\/2025\/04\/image-41.png\" alt=\"\" class=\"wp-image-10738\" srcset=\"https:\/\/eldiariovirtual.com\/wp-content\/uploads\/2025\/04\/image-41.png 766w, https:\/\/eldiariovirtual.com\/wp-content\/uploads\/2025\/04\/image-41-300x169.png 300w\" sizes=\"auto, (max-width: 766px) 100vw, 766px\" \/><\/figure>\n\n\n\n<p>Las exequias p\u00fablicas del papa Francisco comenzaron este mi\u00e9rcoles con una solemne ceremonia que marc\u00f3 el inicio de tres d\u00edas de recogimiento y oraci\u00f3n. El f\u00e9retro del pont\u00edfice, quien falleci\u00f3 el lunes a los 88 a\u00f1os debido a un ictus, fue trasladado desde la residencia de la Casa Santa Marta hasta la Bas\u00edlica de San Pedro.<\/p>\n\n\n\n<p>El cardenal Kevin Joseph Farrell, camarlengo de la Iglesia cat\u00f3lica, presidi\u00f3 la oraci\u00f3n inicial antes de que el f\u00e9retro comience su recorrido. La procesi\u00f3n pas\u00f3 por la Plaza de Santa Marta y la Plaza de los Protom\u00e1rtires Romanos, antes de llegar a la Plaza de San Pedro.<\/p>\n\n\n\n<p>La entrada al Vaticano se realiz\u00f3 por la puerta central de la Bas\u00edlica, donde los Patriarcas, Cardenales, Arzobispos, Obispos y miembros de la Capilla Pontificia acompa\u00f1aron el f\u00e9retro, todos vestidos con el h\u00e1bito coral, en un acto solemne que reafirma el respeto y la devoci\u00f3n hacia el papa Francisco.<\/p>\n\n\n\n<p>Una vez en la Bas\u00edlica de San Pedro, el cuerpo del papa fue depositado en el Altar de la Confesi\u00f3n, situado bajo el famoso baldaquino de Bernini, un lugar de profundo simbolismo.<\/p>\n\n\n\n<p>La Liturgia de la Palabra dio inicio a las ceremonias, marcando el comienzo oficial de los homenajes p\u00fablicos que se extender\u00e1n hasta el viernes. Durante estos tres d\u00edas, el templo permanecer\u00e1 abierto hasta la medianoche el mi\u00e9rcoles y jueves, brindando a los fieles la oportunidad de acercarse al f\u00e9retro y rendir su \u00faltimo adi\u00f3s a un papa que ha dejado una huella imborrable en la historia de la Iglesia.<\/p>\n\n\n\n<p>El viernes, las exequias llegar\u00e1n a su fin con la culminaci\u00f3n de los homenajes p\u00fablicos. Se espera que una multitud de fieles, dignatarios y jefes de Estado se re\u00fanan para asistir al funeral de uno de los pont\u00edfices m\u00e1s influyentes de la era moderna.<\/p>\n","protected":false},"excerpt":{"rendered":"<p>El pont\u00edfice ser\u00e1 homenajeado durante tres jornadas de recogimiento y oraci\u00f3n, en las que la&#8230;<\/p>\n","protected":false},"author":1,"featured_media":10738,"comment_status":"closed","ping_status":"closed","sticky":false,"template":"","format":"standard","meta":{"fifu_image_url":"","fifu_image_alt":"","footnotes":""},"categories":[78,24,45],"tags":[],"class_list":["post-10737","post","type-post","status-publish","format-standard","has-post-thumbnail","hentry","category-internacional","category-mundo","category-sociedad"],"_links":{"self":[{"href":"https:\/\/eldiariovirtual.com\/index.php\/wp-json\/wp\/v2\/posts\/10737","targetHints":{"allow":["GET"]}}],"collection":[{"href":"https:\/\/eldiariovirtual.com\/index.php\/wp-json\/wp\/v2\/posts"}],"about":[{"href":"https:\/\/eldiariovirtual.com\/index.php\/wp-json\/wp\/v2\/types\/post"}],"author":[{"embeddable":true,"href":"https:\/\/eldiariovirtual.com\/index.php\/wp-json\/wp\/v2\/users\/1"}],"replies":[{"embeddable":true,"href":"https:\/\/eldiariovirtual.com\/index.php\/wp-json\/wp\/v2\/comments?post=10737"}],"version-history":[{"count":1,"href":"https:\/\/eldiariovirtual.com\/index.php\/wp-json\/wp\/v2\/posts\/10737\/revisions"}],"predecessor-version":[{"id":10739,"href":"https:\/\/eldiariovirtual.com\/index.php\/wp-json\/wp\/v2\/posts\/10737\/revisions\/10739"}],"wp:featuredmedia":[{"embeddable":true,"href":"https:\/\/eldiariovirtual.com\/index.php\/wp-json\/wp\/v2\/media\/10738"}],"wp:attachment":[{"href":"https:\/\/eldiariovirtual.com\/index.php\/wp-json\/wp\/v2\/media?parent=10737"}],"wp:term":[{"taxonomy":"category","embeddable":true,"href":"https:\/\/eldiariovirtual.com\/index.php\/wp-json\/wp\/v2\/categories?post=10737"},{"taxonomy":"post_tag","embeddable":true,"href":"https:\/\/eldiariovirtual.com\/index.php\/wp-json\/wp\/v2\/tags?post=10737"}],"curies":[{"name":"wp","href":"https:\/\/api.w.org\/{rel}","templated":true}]}}