{"id":10914,"date":"2025-07-10T12:41:48","date_gmt":"2025-07-10T16:41:48","guid":{"rendered":"https:\/\/eldiariovirtual.com\/?p=10914"},"modified":"2025-07-10T12:41:48","modified_gmt":"2025-07-10T16:41:48","slug":"camacho-defiende-a-doria-medina-y-ve-demagogia-y-acusaciones-sin-fundamento-de-arce","status":"publish","type":"post","link":"https:\/\/eldiariovirtual.com\/index.php\/2025\/07\/10\/camacho-defiende-a-doria-medina-y-ve-demagogia-y-acusaciones-sin-fundamento-de-arce\/","title":{"rendered":"Camacho defiende a Doria Medina y ve \u201cdemagogia y acusaciones sin fundamento\u201d de Arce"},"content":{"rendered":"\n<p><em>El Gobernador cruce\u00f1o se meti\u00f3 en la pol\u00e9mica entre el candidato de Unidad y el Presidente; denuncia el despilfarro en el Gobierno y respalda al empresario para solucionar la crisis<\/em><\/p>\n\n\n\n<figure class=\"wp-block-image size-full\"><img loading=\"lazy\" decoding=\"async\" width=\"980\" height=\"575\" src=\"https:\/\/eldiariovirtual.com\/wp-content\/uploads\/2025\/07\/image-9.png\" alt=\"\" class=\"wp-image-10915\" srcset=\"https:\/\/eldiariovirtual.com\/wp-content\/uploads\/2025\/07\/image-9.png 980w, https:\/\/eldiariovirtual.com\/wp-content\/uploads\/2025\/07\/image-9-300x176.png 300w, https:\/\/eldiariovirtual.com\/wp-content\/uploads\/2025\/07\/image-9-768x451.png 768w\" sizes=\"auto, (max-width: 980px) 100vw, 980px\" \/><\/figure>\n\n\n\n<p>El gobernador de Santa Cruz, Luis Fernando Camacho, se meti\u00f3 en la pugna entre el candidato Samuel Doria Medina y el presidente Luis Arce, quienes cruzaron acusaciones mediante las redes sociales a casi un mes de las elecciones.<\/p>\n\n\n\n<p>Con un mensaje desde la c\u00e1rcel de Chonchooro, Camacho sali\u00f3 a defender a su aliado Doria Medina y critic\u00f3 duramente a Arce por su gesti\u00f3n y el gasto excesivo en fiestas, publicidad y viajes, mientras las familias bolivianas enfrentan hambre y dificultades econ\u00f3micas.<\/p>\n\n\n\n<p>El Gobernador cruce\u00f1o acus\u00f3 al Mandatario de hacer demagogia y de manipular a los bolivianos con acusaciones sin fundamento.<\/p>\n\n\n\n<p>\u00abUn presidente que gasta 82 millones en fiestas y celebraciones sociales, 61 millones en prendas de vestir y textiles, 365 millones en refrigerios, 195 millones en pagar publicidad para lucir su imagen, 20 millones en un peri\u00f3dico que difunde propaganda y 250 millones en viajes y vi\u00e1ticos, no es un l\u00edder sino un sinverg\u00fcenza\u00bb, afirm\u00f3 Camacho.<\/p>\n\n\n\n<blockquote class=\"wp-block-quote is-layout-flow wp-block-quote-is-layout-flow\">\n<p>Luis Arce ataca al candidato de la Unidad, Samuel Doria Medina y lo culpa de la crisis. Pretende confundir a los bolivianos haciendo demagogia y acusaciones sin fundamento.<\/p>\n<\/blockquote>\n\n\n\n<p>Agreg\u00f3 que ese despilfarro debe terminar con las pr\u00f3ximas elecciones generales y expres\u00f3 su apoyo a Doria Medina. \u00abEn cinco a\u00f1os, Luis Arce hundi\u00f3 al pa\u00eds y destroz\u00f3 la econom\u00eda de las familias. Pero confiamos en que con Samuel Doria Medina y su equipo de profesionales y t\u00e9cnicos, en los primeros 100 d\u00edas se podr\u00e1 arreglar este desastre\u00bb, sostuvo.<\/p>\n\n\n\n<ul class=\"wp-block-list\">\n<li><a href=\"https:\/\/correodelsur.com\/politica\/20250709\/luego-de-los-100-dias-veremos-quien-es-el-incapaz-arce-lanza-duras-criticas-contra-doria-medina.html\">\u201cLuego de los \u2018100 d\u00edas\u2019 veremos qui\u00e9n es el incapaz\u201d. Arce lanza duras cr\u00edticas contra Doria Medina<\/a><\/li>\n<\/ul>\n\n\n\n<p>Camacho asegur\u00f3 que Doria Medina representa una alternativa seria para sacar a Bolivia del caos econ\u00f3mico y social generado por el actual gobierno. \u00abUn incapaz como Luis Arce nunca podr\u00e1 entenderlo\u00bb, concluy\u00f3.<\/p>\n\n\n\n<ul class=\"wp-block-list\">\n<li><a href=\"https:\/\/correodelsur.com\/politica\/20250709\/samuel-responde-a-arce-acepto-su-desafio-el-15-de-febrero-veremos-quien-es-el-incapaz.html\">Samuel responde a Arce: \u201cAcepto su desaf\u00edo, el 15 de febrero veremos qui\u00e9n es el incapaz\u201d<\/a><\/li>\n<\/ul>\n\n\n\n<p>El pasado mi\u00e9rcoles, Arce cuestion\u00f3 las propuestas electorales del empresario, asegurando que espera conocer \u201cqui\u00e9n es el incapaz\u201d luego de los primeros 100 d\u00edas de Doria Medina en la Presidencia, si llega a ser elegido. El candidato acept\u00f3 desafi\u00f3 y tambi\u00e9n apunt\u00f3 contra la gesti\u00f3n gubernamental.<\/p>\n","protected":false},"excerpt":{"rendered":"<p>El Gobernador cruce\u00f1o se meti\u00f3 en la pol\u00e9mica entre el candidato de Unidad y el&#8230;<\/p>\n","protected":false},"author":1,"featured_media":10915,"comment_status":"closed","ping_status":"closed","sticky":false,"template":"","format":"standard","meta":{"fifu_image_url":"","fifu_image_alt":"","footnotes":""},"categories":[30],"tags":[],"class_list":["post-10914","post","type-post","status-publish","format-standard","has-post-thumbnail","hentry","category-politica"],"_links":{"self":[{"href":"https:\/\/eldiariovirtual.com\/index.php\/wp-json\/wp\/v2\/posts\/10914","targetHints":{"allow":["GET"]}}],"collection":[{"href":"https:\/\/eldiariovirtual.com\/index.php\/wp-json\/wp\/v2\/posts"}],"about":[{"href":"https:\/\/eldiariovirtual.com\/index.php\/wp-json\/wp\/v2\/types\/post"}],"author":[{"embeddable":true,"href":"https:\/\/eldiariovirtual.com\/index.php\/wp-json\/wp\/v2\/users\/1"}],"replies":[{"embeddable":true,"href":"https:\/\/eldiariovirtual.com\/index.php\/wp-json\/wp\/v2\/comments?post=10914"}],"version-history":[{"count":1,"href":"https:\/\/eldiariovirtual.com\/index.php\/wp-json\/wp\/v2\/posts\/10914\/revisions"}],"predecessor-version":[{"id":10916,"href":"https:\/\/eldiariovirtual.com\/index.php\/wp-json\/wp\/v2\/posts\/10914\/revisions\/10916"}],"wp:featuredmedia":[{"embeddable":true,"href":"https:\/\/eldiariovirtual.com\/index.php\/wp-json\/wp\/v2\/media\/10915"}],"wp:attachment":[{"href":"https:\/\/eldiariovirtual.com\/index.php\/wp-json\/wp\/v2\/media?parent=10914"}],"wp:term":[{"taxonomy":"category","embeddable":true,"href":"https:\/\/eldiariovirtual.com\/index.php\/wp-json\/wp\/v2\/categories?post=10914"},{"taxonomy":"post_tag","embeddable":true,"href":"https:\/\/eldiariovirtual.com\/index.php\/wp-json\/wp\/v2\/tags?post=10914"}],"curies":[{"name":"wp","href":"https:\/\/api.w.org\/{rel}","templated":true}]}}