{"id":10991,"date":"2025-07-24T16:22:01","date_gmt":"2025-07-24T20:22:01","guid":{"rendered":"https:\/\/eldiariovirtual.com\/?p=10991"},"modified":"2025-07-24T16:22:01","modified_gmt":"2025-07-24T20:22:01","slug":"asambleista-evista-acusa-a-andronico-rodriguez-de-nexos-con-el-narcotrafico-para-financiar-su-campana","status":"publish","type":"post","link":"https:\/\/eldiariovirtual.com\/index.php\/2025\/07\/24\/asambleista-evista-acusa-a-andronico-rodriguez-de-nexos-con-el-narcotrafico-para-financiar-su-campana\/","title":{"rendered":"Asamble\u00edsta evista acusa a Andr\u00f3nico Rodr\u00edguez de nexos con el narcotr\u00e1fico para financiar su campa\u00f1a"},"content":{"rendered":"\n<p><strong>Tarija, Bolivia<\/strong>&nbsp;&#8211; El asamble\u00edsta del ala \u00abevista\u00bb del Movimiento Al Socialismo (MAS), Jos\u00e9 Yucra, ha lanzado graves acusaciones contra el presidente del Senado, Andr\u00f3nico Rodr\u00edguez, asegurando que habr\u00eda establecido acuerdos con c\u00e1rteles de M\u00e9xico para obtener recursos econ\u00f3micos y comprar votos de cara a las pr\u00f3ximas elecciones.<\/p>\n\n\n\n<figure class=\"wp-block-image size-full\"><img loading=\"lazy\" decoding=\"async\" width=\"798\" height=\"348\" src=\"https:\/\/eldiariovirtual.com\/wp-content\/uploads\/2025\/07\/image-17.png\" alt=\"\" class=\"wp-image-10992\" srcset=\"https:\/\/eldiariovirtual.com\/wp-content\/uploads\/2025\/07\/image-17.png 798w, https:\/\/eldiariovirtual.com\/wp-content\/uploads\/2025\/07\/image-17-300x131.png 300w, https:\/\/eldiariovirtual.com\/wp-content\/uploads\/2025\/07\/image-17-768x335.png 768w\" sizes=\"auto, (max-width: 798px) 100vw, 798px\" \/><\/figure>\n\n\n\n<p>En sus declaraciones, Yucra afirm\u00f3 que medios internacionales han reportado sobre estos supuestos v\u00ednculos, los cuales, seg\u00fan \u00e9l, explicar\u00edan los cuantiosos gastos de la campa\u00f1a de Rodr\u00edguez. \u00abMillones de d\u00f3lares han sido sacados de la cuenta del Banco de M\u00e9xico para llevar a la cuenta de Bolivia y lo vinculan a Andr\u00f3nico Rodr\u00edguez\u00bb, sostuvo el asamble\u00edsta.<\/p>\n\n\n\n<p>Yucra tambi\u00e9n critic\u00f3 duramente el pago a un asesor extranjero para la campa\u00f1a de Rodr\u00edguez, insinuando que los fondos para cubrir dichos honorarios provienen de actividades il\u00edcitas. \u00abGasta 300 mil d\u00f3lares para pagar a un extranjero, viene del narcotr\u00e1fico\u00bb, sentenci\u00f3.<\/p>\n\n\n\n<p>Estas acusaciones se suman a la pol\u00e9mica generada por la contrataci\u00f3n del consultor pol\u00edtico espa\u00f1ol Antoni Guti\u00e9rrez-Rub\u00ed. Rodr\u00edguez reconoci\u00f3 el pago de honorarios al asesor, aunque afirm\u00f3 que la cifra es menor a 300 mil d\u00f3lares mensuales. Este hecho ha provocado cuestionamientos sobre el origen de los fondos de su campa\u00f1a. El diputado \u00abevista\u00bb Ren\u00e1n Cabezas tambi\u00e9n se sum\u00f3 a las cr\u00edticas, calificando la contrataci\u00f3n de un asesor espa\u00f1ol como una \u00abtraici\u00f3n cultural\u00bb.<\/p>\n\n\n\n<p>Por su parte, el diputado Anyelo C\u00e9spedes, tambi\u00e9n del ala \u00abevista\u00bb, denunci\u00f3 un presunto financiamiento il\u00edcito vinculado al narcotr\u00e1fico y exigi\u00f3 al \u00d3rgano Electoral una investigaci\u00f3n exhaustiva de las cuentas de la alianza de Andr\u00f3nico Rodr\u00edguez. Ante los cuestionamientos, el candidato presidencial ha se\u00f1alado que el financiamiento de su campa\u00f1a proviene de aportes internos y de sectores sociales, y ha prometido transparentar toda la informaci\u00f3n ante el \u00f3rgano electoral.<\/p>\n\n\n\n<p>El asesor espa\u00f1ol, Antoni Guti\u00e9rrez-Rub\u00ed, quien ha trabajado en campa\u00f1as de importantes figuras pol\u00edticas de Latinoam\u00e9rica, habr\u00eda abandonado Bolivia tras la controversia generada por su salario y su situaci\u00f3n migratoria, ya que habr\u00eda ingresado al pa\u00eds con visa de turista.<\/p>\n\n\n\n<p>Andr\u00f3nico Rodr\u00edguez ha calificado estas acusaciones como una campa\u00f1a de desprestigio en su contra, orquestada para desinformar a la poblaci\u00f3n. Mientras tanto, la oposici\u00f3n ha exigido que el presidente del Senado transparente las fuentes de financiamiento de sus actividades proselitistas.<\/p>\n","protected":false},"excerpt":{"rendered":"<p>Tarija, Bolivia&nbsp;&#8211; El asamble\u00edsta del ala \u00abevista\u00bb del Movimiento Al Socialismo (MAS), Jos\u00e9 Yucra, ha&#8230;<\/p>\n","protected":false},"author":1,"featured_media":10992,"comment_status":"closed","ping_status":"closed","sticky":false,"template":"","format":"standard","meta":{"fifu_image_url":"","fifu_image_alt":"","footnotes":""},"categories":[30,45],"tags":[],"class_list":["post-10991","post","type-post","status-publish","format-standard","has-post-thumbnail","hentry","category-politica","category-sociedad"],"_links":{"self":[{"href":"https:\/\/eldiariovirtual.com\/index.php\/wp-json\/wp\/v2\/posts\/10991","targetHints":{"allow":["GET"]}}],"collection":[{"href":"https:\/\/eldiariovirtual.com\/index.php\/wp-json\/wp\/v2\/posts"}],"about":[{"href":"https:\/\/eldiariovirtual.com\/index.php\/wp-json\/wp\/v2\/types\/post"}],"author":[{"embeddable":true,"href":"https:\/\/eldiariovirtual.com\/index.php\/wp-json\/wp\/v2\/users\/1"}],"replies":[{"embeddable":true,"href":"https:\/\/eldiariovirtual.com\/index.php\/wp-json\/wp\/v2\/comments?post=10991"}],"version-history":[{"count":1,"href":"https:\/\/eldiariovirtual.com\/index.php\/wp-json\/wp\/v2\/posts\/10991\/revisions"}],"predecessor-version":[{"id":10993,"href":"https:\/\/eldiariovirtual.com\/index.php\/wp-json\/wp\/v2\/posts\/10991\/revisions\/10993"}],"wp:featuredmedia":[{"embeddable":true,"href":"https:\/\/eldiariovirtual.com\/index.php\/wp-json\/wp\/v2\/media\/10992"}],"wp:attachment":[{"href":"https:\/\/eldiariovirtual.com\/index.php\/wp-json\/wp\/v2\/media?parent=10991"}],"wp:term":[{"taxonomy":"category","embeddable":true,"href":"https:\/\/eldiariovirtual.com\/index.php\/wp-json\/wp\/v2\/categories?post=10991"},{"taxonomy":"post_tag","embeddable":true,"href":"https:\/\/eldiariovirtual.com\/index.php\/wp-json\/wp\/v2\/tags?post=10991"}],"curies":[{"name":"wp","href":"https:\/\/api.w.org\/{rel}","templated":true}]}}