{"id":11007,"date":"2025-07-28T17:28:16","date_gmt":"2025-07-28T21:28:16","guid":{"rendered":"https:\/\/eldiariovirtual.com\/?p=11007"},"modified":"2025-07-28T17:28:17","modified_gmt":"2025-07-28T21:28:17","slug":"murio-a-los-47-anos-alejandra-locomotora-oliveras-campeona-mundial-e-icono-del-boxeo-argentino","status":"publish","type":"post","link":"https:\/\/eldiariovirtual.com\/index.php\/2025\/07\/28\/murio-a-los-47-anos-alejandra-locomotora-oliveras-campeona-mundial-e-icono-del-boxeo-argentino\/","title":{"rendered":"Muri\u00f3 a los 47 a\u00f1os Alejandra \u201cLocomotora\u201d Oliveras, campeona mundial e \u00edcono del boxeo argentino"},"content":{"rendered":"\n<p>La juje\u00f1a hab\u00eda sufrido un ACV y permanec\u00eda internada hace dos semanas en el hospital Jos\u00e9 Mar\u00eda Cullen de Santa Fe. Tras su retiro deportivo, se hab\u00eda destacado como influencer y tambi\u00e9n hab\u00eda incursionado en la pol\u00edtica.<\/p>\n\n\n\n<figure class=\"wp-block-image size-large\"><img loading=\"lazy\" decoding=\"async\" width=\"1024\" height=\"573\" src=\"https:\/\/eldiariovirtual.com\/wp-content\/uploads\/2025\/07\/alejandra-locomotora-oliveras-foto-xlocomotoraok-LHZFY7HO7RD3XJCVNBPLMX34SA-1024x573.avif\" alt=\"\" class=\"wp-image-11008\" srcset=\"https:\/\/eldiariovirtual.com\/wp-content\/uploads\/2025\/07\/alejandra-locomotora-oliveras-foto-xlocomotoraok-LHZFY7HO7RD3XJCVNBPLMX34SA-1024x573.avif 1024w, https:\/\/eldiariovirtual.com\/wp-content\/uploads\/2025\/07\/alejandra-locomotora-oliveras-foto-xlocomotoraok-LHZFY7HO7RD3XJCVNBPLMX34SA-300x168.avif 300w, https:\/\/eldiariovirtual.com\/wp-content\/uploads\/2025\/07\/alejandra-locomotora-oliveras-foto-xlocomotoraok-LHZFY7HO7RD3XJCVNBPLMX34SA-768x430.avif 768w, https:\/\/eldiariovirtual.com\/wp-content\/uploads\/2025\/07\/alejandra-locomotora-oliveras-foto-xlocomotoraok-LHZFY7HO7RD3XJCVNBPLMX34SA.avif 1440w\" sizes=\"auto, (max-width: 1024px) 100vw, 1024px\" \/><\/figure>\n\n\n\n<p>Este lunes muri\u00f3\u00a0<strong>Alejandra \u201cLocomotora\u201d Oliveras<\/strong>, figura destacada del boxeo argentino. Ten\u00eda 47 a\u00f1os y dos semanas atr\u00e1s hab\u00eda sufrido un ACV, por el que hab\u00eda quedado internada en terapia intensiva del hospital Jos\u00e9 Mar\u00eda Cullen de Santa Fe.<\/p>\n\n\n\n<p>Nacida en Jujuy, Oliveras fue&nbsp;<strong>uno de los nombres m\u00e1s importantes del boxeo femenino argentino<\/strong>. Campeona mundial en seis ocasiones, durante su carrera deportiva protagoniz\u00f3 38 peleas y logr\u00f3 un r\u00e9cord de 33 victorias, tres derrotas y dos empates.<\/p>\n\n\n\n<p>\u201cYo les gan\u00e9 a las mejores. Las quiero y las respeto a las boxeadoras argentinas, pero<strong>\u00a0la mejor soy yo<\/strong>\u201d, hab\u00eda dicho tiempo atr\u00e1s en una entrevista.<\/p>\n\n\n\n<p>Sus comienzos en el boxeo hab\u00edan sido en C\u00f3rdoba, provincia a la que se hab\u00eda mudado con su familia de chiquita. Ten\u00eda 20 a\u00f1os y ya era mam\u00e1 de dos varones. Antes de ir a un gimnasio a entrenar, hab\u00eda participado de una pelea improvisada en una plaza de su barrio.<\/p>\n\n\n\n<p>Sobre aquel episodio, relataba: \u201cMe acuerdo de que preguntaron qui\u00e9n quer\u00eda boxear y una chica levant\u00f3 la mano. El \u00e1rbitro fue el carnicero del pueblo.&nbsp;<strong>Hubo ring, hubo guantes, hubo apuestas. Y me sent\u00ed boxeadora<\/strong>\u201c.<\/p>\n","protected":false},"excerpt":{"rendered":"<p>La juje\u00f1a hab\u00eda sufrido un ACV y permanec\u00eda internada hace dos semanas en el hospital&#8230;<\/p>\n","protected":false},"author":1,"featured_media":11008,"comment_status":"closed","ping_status":"closed","sticky":false,"template":"","format":"standard","meta":{"fifu_image_url":"","fifu_image_alt":"","footnotes":""},"categories":[63,32],"tags":[],"class_list":["post-11007","post","type-post","status-publish","format-standard","has-post-thumbnail","hentry","category-argentina","category-deportes"],"_links":{"self":[{"href":"https:\/\/eldiariovirtual.com\/index.php\/wp-json\/wp\/v2\/posts\/11007","targetHints":{"allow":["GET"]}}],"collection":[{"href":"https:\/\/eldiariovirtual.com\/index.php\/wp-json\/wp\/v2\/posts"}],"about":[{"href":"https:\/\/eldiariovirtual.com\/index.php\/wp-json\/wp\/v2\/types\/post"}],"author":[{"embeddable":true,"href":"https:\/\/eldiariovirtual.com\/index.php\/wp-json\/wp\/v2\/users\/1"}],"replies":[{"embeddable":true,"href":"https:\/\/eldiariovirtual.com\/index.php\/wp-json\/wp\/v2\/comments?post=11007"}],"version-history":[{"count":1,"href":"https:\/\/eldiariovirtual.com\/index.php\/wp-json\/wp\/v2\/posts\/11007\/revisions"}],"predecessor-version":[{"id":11009,"href":"https:\/\/eldiariovirtual.com\/index.php\/wp-json\/wp\/v2\/posts\/11007\/revisions\/11009"}],"wp:featuredmedia":[{"embeddable":true,"href":"https:\/\/eldiariovirtual.com\/index.php\/wp-json\/wp\/v2\/media\/11008"}],"wp:attachment":[{"href":"https:\/\/eldiariovirtual.com\/index.php\/wp-json\/wp\/v2\/media?parent=11007"}],"wp:term":[{"taxonomy":"category","embeddable":true,"href":"https:\/\/eldiariovirtual.com\/index.php\/wp-json\/wp\/v2\/categories?post=11007"},{"taxonomy":"post_tag","embeddable":true,"href":"https:\/\/eldiariovirtual.com\/index.php\/wp-json\/wp\/v2\/tags?post=11007"}],"curies":[{"name":"wp","href":"https:\/\/api.w.org\/{rel}","templated":true}]}}