{"id":11075,"date":"2025-06-21T21:47:00","date_gmt":"2025-06-22T01:47:00","guid":{"rendered":"https:\/\/eldiariovirtual.com\/?p=11075"},"modified":"2025-08-23T21:51:28","modified_gmt":"2025-08-24T01:51:28","slug":"declaran-alerta-nacional-por-sarampion-en-santa-cruz-reportan-43-casos","status":"publish","type":"post","link":"https:\/\/eldiariovirtual.com\/index.php\/2025\/06\/21\/declaran-alerta-nacional-por-sarampion-en-santa-cruz-reportan-43-casos\/","title":{"rendered":"Declaran alerta nacional por sarampi\u00f3n; en Santa Cruz reportan 43 casos"},"content":{"rendered":"\n<h2 class=\"wp-block-heading\">El viceministro de Vigilancia Epidemiol\u00f3gica, Max Enr\u00edquez, inform\u00f3 que la alerta nacional permitir\u00e1 tomar acciones de vacunaci\u00f3n en los nueve departamentos.<\/h2>\n\n\n\n<figure class=\"wp-block-image size-large\"><img loading=\"lazy\" decoding=\"async\" width=\"1024\" height=\"436\" src=\"https:\/\/eldiariovirtual.com\/wp-content\/uploads\/2025\/08\/sarampion-101-12225119-2025061612201_101-12279217_20250620201820-1024x436.webp\" alt=\"\" class=\"wp-image-11076\" srcset=\"https:\/\/eldiariovirtual.com\/wp-content\/uploads\/2025\/08\/sarampion-101-12225119-2025061612201_101-12279217_20250620201820-1024x436.webp 1024w, https:\/\/eldiariovirtual.com\/wp-content\/uploads\/2025\/08\/sarampion-101-12225119-2025061612201_101-12279217_20250620201820-300x128.webp 300w, https:\/\/eldiariovirtual.com\/wp-content\/uploads\/2025\/08\/sarampion-101-12225119-2025061612201_101-12279217_20250620201820-768x327.webp 768w, https:\/\/eldiariovirtual.com\/wp-content\/uploads\/2025\/08\/sarampion-101-12225119-2025061612201_101-12279217_20250620201820.webp 1280w\" sizes=\"auto, (max-width: 1024px) 100vw, 1024px\" \/><\/figure>\n\n\n\n<p>Los casos de sarampi\u00f3n siguen en aumento en el pa\u00eds. En&nbsp;<strong>Santa Cruz,<\/strong>&nbsp;el departamento m\u00e1s afectado,&nbsp;<strong>los contagios subieron a 43, mientras<\/strong>&nbsp;el Ministerio de<strong>&nbsp;Salud inform\u00f3 que se emiti\u00f3 una alerta nacional&nbsp;<\/strong>por esta enfermedad.<\/p>\n\n\n\n<p>El viceministro de Vigilancia Epidemiol\u00f3gica, Max Enr\u00edquez, inform\u00f3 que&nbsp;<strong>la alerta nacional permitir\u00e1 tomar acciones de vacunaci\u00f3n en los nueve departamentos&nbsp;<\/strong>con la meta de frenar los contagios de sarampi\u00f3n.<\/p>\n\n\n\n<p>\u201cSe ha emitido&nbsp;<strong>una alerta nacional en todo el pa\u00eds,<\/strong>&nbsp;para los nueve departamentos, se est\u00e1n tomando acciones de vacunaci\u00f3n.&nbsp;<strong>Hay casos sospechosos en todo el pa\u00eds<\/strong>\u201d, dijo Enr\u00edquez.<\/p>\n\n\n\n<p>MIRA AQU\u00cd:&nbsp;<strong><a href=\"https:\/\/unitel.bo\/noticias\/salud\/el-alto-reporta-su-primer-caso-de-sarampion-en-lo-que-va-del-ano-AA16349944\">El Alto reporta su primer caso de sarampi\u00f3n en lo que va del a\u00f1o<\/a><\/strong><\/p>\n\n\n\n<p>Afirm\u00f3 que hay<strong>&nbsp;dos cadenas de contagio, que provocaron<\/strong>&nbsp;los casos de sarampi\u00f3n en el pa\u00eds. Uno es una&nbsp;<strong>reuni\u00f3n masiva&nbsp;<\/strong>que se realiz\u00f3 en&nbsp;<strong>Santa Cruz,<\/strong>&nbsp;de donde salieron gran parte de los casos; y otra es por un&nbsp;<strong>ciudadano extranjero que lleg\u00f3 de visita a una comunidad menonita.<\/strong><\/p>\n\n\n\n<p><strong>SANTA CRUZ<\/strong><\/p>\n\n\n\n<p>El director del Servicio Departamental de Salud (Sedes) de Santa Cruz, Jaime Bilbao, inform\u00f3 que<strong>&nbsp;los casos positivos de sarampi\u00f3n llegaron a 43<\/strong>, repartidos en diez municipios.<\/p>\n\n\n\n<p>\u201cHasta la fecha tenemos un total de 324 casos sospechosos, de los que 271 han sido descartados,<strong>&nbsp;hay 43 casos positivos en el departamento<\/strong>&nbsp;de Santa Cruz, con 13 casos pendientes de resultado de laboratorio\u201d, report\u00f3 el director del Sedes.<\/p>\n\n\n\n<p>MIRA AQU\u00cd:&nbsp;<strong><a href=\"https:\/\/unitel.bo\/noticias\/salud\/sarampion-hay-alta-probabilidad-que-tarija-reporte-su-primer-caso-del-ano-segun-viceministro-EM16384044\">Sarampi\u00f3n: Hay alta probabilidad que Tarija reporte su primer caso del a\u00f1o, seg\u00fan viceministro<\/a><\/strong><\/p>\n\n\n\n<p>Se\u00f1al\u00f3 que&nbsp;<strong>m\u00e1s de 200 personas est\u00e1n bajo vigilancia&nbsp;<\/strong>epidemiol\u00f3gica por contacto directo con los casos positivos.<\/p>\n\n\n\n<p>Las personas con casos positivos son:&nbsp;<strong>Porongo, San Miguel de Velasco, Santa Cruz de la Sierra, Cabezas, El Puente, Vallegrande, Montero, Cuatro Ca\u00f1adas, Cotoca y El Torno.<\/strong><\/p>\n\n\n\n<p>La ciudad de&nbsp;<strong>El Alto tambi\u00e9n report\u00f3 un caso positivo,&nbsp;<\/strong>de un joven que estuvo en el evento masivo en Santa Cruz de la sierra.<\/p>\n","protected":false},"excerpt":{"rendered":"<p>El viceministro de Vigilancia Epidemiol\u00f3gica, Max Enr\u00edquez, inform\u00f3 que la alerta nacional permitir\u00e1 tomar acciones&#8230;<\/p>\n","protected":false},"author":1,"featured_media":11076,"comment_status":"closed","ping_status":"closed","sticky":false,"template":"","format":"standard","meta":{"fifu_image_url":"","fifu_image_alt":"","footnotes":""},"categories":[1],"tags":[],"class_list":["post-11075","post","type-post","status-publish","format-standard","has-post-thumbnail","hentry","category-sin-categoria"],"_links":{"self":[{"href":"https:\/\/eldiariovirtual.com\/index.php\/wp-json\/wp\/v2\/posts\/11075","targetHints":{"allow":["GET"]}}],"collection":[{"href":"https:\/\/eldiariovirtual.com\/index.php\/wp-json\/wp\/v2\/posts"}],"about":[{"href":"https:\/\/eldiariovirtual.com\/index.php\/wp-json\/wp\/v2\/types\/post"}],"author":[{"embeddable":true,"href":"https:\/\/eldiariovirtual.com\/index.php\/wp-json\/wp\/v2\/users\/1"}],"replies":[{"embeddable":true,"href":"https:\/\/eldiariovirtual.com\/index.php\/wp-json\/wp\/v2\/comments?post=11075"}],"version-history":[{"count":1,"href":"https:\/\/eldiariovirtual.com\/index.php\/wp-json\/wp\/v2\/posts\/11075\/revisions"}],"predecessor-version":[{"id":11077,"href":"https:\/\/eldiariovirtual.com\/index.php\/wp-json\/wp\/v2\/posts\/11075\/revisions\/11077"}],"wp:featuredmedia":[{"embeddable":true,"href":"https:\/\/eldiariovirtual.com\/index.php\/wp-json\/wp\/v2\/media\/11076"}],"wp:attachment":[{"href":"https:\/\/eldiariovirtual.com\/index.php\/wp-json\/wp\/v2\/media?parent=11075"}],"wp:term":[{"taxonomy":"category","embeddable":true,"href":"https:\/\/eldiariovirtual.com\/index.php\/wp-json\/wp\/v2\/categories?post=11075"},{"taxonomy":"post_tag","embeddable":true,"href":"https:\/\/eldiariovirtual.com\/index.php\/wp-json\/wp\/v2\/tags?post=11075"}],"curies":[{"name":"wp","href":"https:\/\/api.w.org\/{rel}","templated":true}]}}