{"id":11305,"date":"2025-09-09T16:53:52","date_gmt":"2025-09-09T20:53:52","guid":{"rendered":"https:\/\/eldiariovirtual.com\/?p=11305"},"modified":"2025-09-09T16:53:52","modified_gmt":"2025-09-09T20:53:52","slug":"interpol-bolivia-conocia-desde-hace-dos-meses-la-alerta-roja-contra-jefe-del-pcc","status":"publish","type":"post","link":"https:\/\/eldiariovirtual.com\/index.php\/2025\/09\/09\/interpol-bolivia-conocia-desde-hace-dos-meses-la-alerta-roja-contra-jefe-del-pcc\/","title":{"rendered":"Interpol Bolivia conoc\u00eda desde hace dos meses la alerta roja contra jefe del PCC"},"content":{"rendered":"\n<figure class=\"wp-block-image size-large\"><img loading=\"lazy\" decoding=\"async\" width=\"1024\" height=\"509\" src=\"https:\/\/eldiariovirtual.com\/wp-content\/uploads\/2025\/09\/mijao-1024x509.jpg\" alt=\"\" class=\"wp-image-11306\" srcset=\"https:\/\/eldiariovirtual.com\/wp-content\/uploads\/2025\/09\/mijao-1024x509.jpg 1024w, https:\/\/eldiariovirtual.com\/wp-content\/uploads\/2025\/09\/mijao-300x149.jpg 300w, https:\/\/eldiariovirtual.com\/wp-content\/uploads\/2025\/09\/mijao-768x382.jpg 768w, https:\/\/eldiariovirtual.com\/wp-content\/uploads\/2025\/09\/mijao.jpg 1090w\" sizes=\"auto, (max-width: 1024px) 100vw, 1024px\" \/><\/figure>\n\n\n\n<p>Luiz de Freitas Filho, alias \u201cMij\u00e3o\u201d<br><\/p>\n\n\n\n<p>No se tiene el registro del ingreso al pa\u00eds de &#8216;Mij\u00e3o&#8217;, uno de los capos del PCC. Seg\u00fan Interpol Bolivia, la notificaci\u00f3n roja contra el capo brasile\u00f1o fue conocida el 4 de julio, pero hasta ahora no existen registros oficiales de su ingreso o salida del pa\u00eds<\/p>\n\n\n\n<p>La revelaci\u00f3n de la red O Globo de Brasil sobre la presencia en Santa Cruz de la Sierra de Sergio Luiz de Freitas Filho, alias \u201cMij\u00e3o\u201d, el l\u00edder n\u00famero 1 del Primer Comando Capital (PCC), ha<strong>&nbsp;puesto bajo la lupa a las autoridades bolivianas.<\/strong>&nbsp;Seg\u00fan Interpol Bolivia, la notificaci\u00f3n roja contra el capo brasile\u00f1o fue conocida el 4 de julio, pero hasta ahora no existen registros oficiales de su ingreso o salida del pa\u00eds.<\/p>\n\n\n\n<p>El director nacional de Interpol Bolivia, Juan Carlos Bazoalto Torrez, confirm\u00f3 que desde que&nbsp;<strong>se activ\u00f3 la alerta internacional el 4 de julio<\/strong>&nbsp;se emiti\u00f3 un memor\u00e1ndum a todas las direcciones departamentales y unidades de migraci\u00f3n para reforzar los controles en el pa\u00eds.<\/p>\n\n\n\n<p>\u201cSe ha avisado a la plataforma de migraci\u00f3n, se evidencia que esa persona no registra ni ingreso ni salida de nuestro pa\u00eds. Inmediatamente, como Interpol, emitimos un memor\u00e1ndum circular a nivel nacional para que<strong>&nbsp;todos tengan la precauci\u00f3n necesaria&nbsp;<\/strong>y respectiva\u201d, declar\u00f3 Bazoalto.<\/p>\n\n\n\n<p>La investigaci\u00f3n period\u00edstica de O Globo sostiene que Sergio Luiz&nbsp;<strong>vive desde hace m\u00e1s de 10 a\u00f1os en Santa Cruz,&nbsp;<\/strong>bajo el nombre falso de Sergio Noronha Filho, rodeado de lujos en urbanizaciones privadas y moviendo millones de d\u00f3lares para el PCC. Sin embargo, Interpol Bolivia aclar\u00f3 que a\u00fan no se ha podido comprobar su presencia en territorio nacional.<\/p>\n\n\n\n<h3 class=\"wp-block-heading\"><strong>Piden informe a Brasil<\/strong><\/h3>\n\n\n\n<p>\u201cEstamos en ese proceso investigativo.<strong>&nbsp;Hemos mandado un e-mail a Interpol Brasil<\/strong>&nbsp;para pedir informaci\u00f3n complementaria y sugerir que tramiten el mandamiento de detenci\u00f3n preventiva con fines de extradici\u00f3n, para que si es ubicado en Bolivia pueda ser puesto a disposici\u00f3n de un juez\u201d, explic\u00f3 el jefe policial.<\/p>\n\n\n\n<p>Interpol Bolivia inform\u00f3 que los&nbsp;<strong>actos investigativos comenzaron en agosto<\/strong>&nbsp;y que trabajan en coordinaci\u00f3n con Brasil para confirmar si efectivamente el capo del PCC se oculta en el pa\u00eds.<\/p>\n\n\n\n<p>\u201cUna vez que Interpol Brasil nos confirme las presuntas notas period\u00edsticas y el reconocimiento facial,<strong>&nbsp;nosotros ya realizaremos el acto investigativo en Bolivia\u201d,<\/strong>&nbsp;precis\u00f3 Bazoalto.<\/p>\n\n\n\n<p>La capital cruce\u00f1a ha sido se\u00f1alada en varias investigaciones internacionales como<strong>&nbsp;refugio de cabecillas del PCC<\/strong>. En 2013, la DEA alert\u00f3 de su presencia en la regi\u00f3n, y este a\u00f1o fue capturado \u201cTuta\u201d (Marcos Roberto de Almeida) en oficinas del Segip cuando intentaba renovar su documento de identidad boliviano.<\/p>\n\n\n\n<p>Mientras tanto, el caso de Sergio Luiz de Freitas revela la tensi\u00f3n entre la informaci\u00f3n period\u00edstica que lo ubica en Santa Cruz y<strong>&nbsp;la falta de registros oficiales en el sistema migratorio&nbsp;<\/strong>boliviano.<\/p>\n","protected":false},"excerpt":{"rendered":"<p>Luiz de Freitas Filho, alias \u201cMij\u00e3o\u201d No se tiene el registro del ingreso al pa\u00eds&#8230;<\/p>\n","protected":false},"author":1,"featured_media":11306,"comment_status":"closed","ping_status":"closed","sticky":false,"template":"","format":"standard","meta":{"fifu_image_url":"","fifu_image_alt":"","footnotes":""},"categories":[1],"tags":[],"class_list":["post-11305","post","type-post","status-publish","format-standard","has-post-thumbnail","hentry","category-sin-categoria"],"_links":{"self":[{"href":"https:\/\/eldiariovirtual.com\/index.php\/wp-json\/wp\/v2\/posts\/11305","targetHints":{"allow":["GET"]}}],"collection":[{"href":"https:\/\/eldiariovirtual.com\/index.php\/wp-json\/wp\/v2\/posts"}],"about":[{"href":"https:\/\/eldiariovirtual.com\/index.php\/wp-json\/wp\/v2\/types\/post"}],"author":[{"embeddable":true,"href":"https:\/\/eldiariovirtual.com\/index.php\/wp-json\/wp\/v2\/users\/1"}],"replies":[{"embeddable":true,"href":"https:\/\/eldiariovirtual.com\/index.php\/wp-json\/wp\/v2\/comments?post=11305"}],"version-history":[{"count":1,"href":"https:\/\/eldiariovirtual.com\/index.php\/wp-json\/wp\/v2\/posts\/11305\/revisions"}],"predecessor-version":[{"id":11307,"href":"https:\/\/eldiariovirtual.com\/index.php\/wp-json\/wp\/v2\/posts\/11305\/revisions\/11307"}],"wp:featuredmedia":[{"embeddable":true,"href":"https:\/\/eldiariovirtual.com\/index.php\/wp-json\/wp\/v2\/media\/11306"}],"wp:attachment":[{"href":"https:\/\/eldiariovirtual.com\/index.php\/wp-json\/wp\/v2\/media?parent=11305"}],"wp:term":[{"taxonomy":"category","embeddable":true,"href":"https:\/\/eldiariovirtual.com\/index.php\/wp-json\/wp\/v2\/categories?post=11305"},{"taxonomy":"post_tag","embeddable":true,"href":"https:\/\/eldiariovirtual.com\/index.php\/wp-json\/wp\/v2\/tags?post=11305"}],"curies":[{"name":"wp","href":"https:\/\/api.w.org\/{rel}","templated":true}]}}