{"id":11619,"date":"2025-10-10T18:35:56","date_gmt":"2025-10-10T22:35:56","guid":{"rendered":"https:\/\/eldiariovirtual.com\/?p=11619"},"modified":"2025-10-20T18:39:51","modified_gmt":"2025-10-20T22:39:51","slug":"la-cob-elegira-hoy-al-nuevosecretarioejecutivo","status":"publish","type":"post","link":"https:\/\/eldiariovirtual.com\/index.php\/2025\/10\/10\/la-cob-elegira-hoy-al-nuevosecretarioejecutivo\/","title":{"rendered":"LA COB ELEGIR\u00c1 HOY AL NUEVOSECRETARIOEJECUTIVO"},"content":{"rendered":"\n<p>El\u00a0dirigente llega a la m\u00e1xima representaci\u00f3n del ente matriz de los trabajadores del pa\u00eds en reemplazo de Juan Carlos Huarachi.<\/p>\n\n\n\n<p>\u00a0<\/p>\n\n\n\n<figure class=\"wp-block-image size-full\"><img loading=\"lazy\" decoding=\"async\" width=\"992\" height=\"558\" src=\"https:\/\/eldiariovirtual.com\/wp-content\/uploads\/2025\/10\/2025101015583227254.webp\" alt=\"\" class=\"wp-image-11620\" srcset=\"https:\/\/eldiariovirtual.com\/wp-content\/uploads\/2025\/10\/2025101015583227254.webp 992w, https:\/\/eldiariovirtual.com\/wp-content\/uploads\/2025\/10\/2025101015583227254-300x169.webp 300w, https:\/\/eldiariovirtual.com\/wp-content\/uploads\/2025\/10\/2025101015583227254-768x432.webp 768w\" sizes=\"auto, (max-width: 992px) 100vw, 992px\" \/><\/figure>\n\n\n\n<p>Marco Argollo, el nuevo secretario ejecutivo de COB.\u00a0<\/p>\n\n\n\n<p>Mario&nbsp;Argollo, representante del Sindicato Minero de Huanuni, es el nuevo secretario ejecutivo de la Central Obrera Boliviana (COB).<\/p>\n\n\n\n<p>Argollo llega a la m\u00e1xima representaci\u00f3n del ente matriz de los trabajadores del pa\u00eds en reemplazo de Juan Carlos Huarachi, dirigente vinculado al Gobierno del MAS, quien ocup\u00f3 el cargo por cerca de ocho a\u00f1os. &nbsp;<\/p>\n\n\n\n<p>La informaci\u00f3n fue confirmada por Kiefer Venique, ejecutivo de la Central Obrera Departamental (COD) de Pando, en contacto con Radio Fides.<\/p>\n\n\n\n<p>\u201cEl sector minero en su ampliado ha definido, tenemos la informaci\u00f3n, el (cargo) ha reca\u00eddo en la cabeza del compa\u00f1ero Mario Argollo. Estamos a la espera de la plenaria donde todos vamos a definir cu\u00e1l ser\u00e1 la estructura del ente matriz de los trabajadores\u201d, expres\u00f3 Venique. &nbsp;<\/p>\n\n\n\n<p>El cambio de tim\u00f3n en la dirigencia de los trabajadores fue concretado en el XVIII Congreso de la COB llevado a cabo en Cobija.&nbsp;<\/p>\n\n\n\n<p>El dirigente super\u00f3 en votos a sus contrincantes Joaqu\u00edn Mamani y Edilberto Echeverr\u00eda.<\/p>\n","protected":false},"excerpt":{"rendered":"<p>El\u00a0dirigente llega a la m\u00e1xima representaci\u00f3n del ente matriz de los trabajadores del pa\u00eds en&#8230;<\/p>\n","protected":false},"author":1,"featured_media":11620,"comment_status":"closed","ping_status":"closed","sticky":false,"template":"","format":"standard","meta":{"fifu_image_url":"","fifu_image_alt":"","footnotes":""},"categories":[1],"tags":[],"class_list":["post-11619","post","type-post","status-publish","format-standard","has-post-thumbnail","hentry","category-sin-categoria"],"_links":{"self":[{"href":"https:\/\/eldiariovirtual.com\/index.php\/wp-json\/wp\/v2\/posts\/11619","targetHints":{"allow":["GET"]}}],"collection":[{"href":"https:\/\/eldiariovirtual.com\/index.php\/wp-json\/wp\/v2\/posts"}],"about":[{"href":"https:\/\/eldiariovirtual.com\/index.php\/wp-json\/wp\/v2\/types\/post"}],"author":[{"embeddable":true,"href":"https:\/\/eldiariovirtual.com\/index.php\/wp-json\/wp\/v2\/users\/1"}],"replies":[{"embeddable":true,"href":"https:\/\/eldiariovirtual.com\/index.php\/wp-json\/wp\/v2\/comments?post=11619"}],"version-history":[{"count":1,"href":"https:\/\/eldiariovirtual.com\/index.php\/wp-json\/wp\/v2\/posts\/11619\/revisions"}],"predecessor-version":[{"id":11621,"href":"https:\/\/eldiariovirtual.com\/index.php\/wp-json\/wp\/v2\/posts\/11619\/revisions\/11621"}],"wp:featuredmedia":[{"embeddable":true,"href":"https:\/\/eldiariovirtual.com\/index.php\/wp-json\/wp\/v2\/media\/11620"}],"wp:attachment":[{"href":"https:\/\/eldiariovirtual.com\/index.php\/wp-json\/wp\/v2\/media?parent=11619"}],"wp:term":[{"taxonomy":"category","embeddable":true,"href":"https:\/\/eldiariovirtual.com\/index.php\/wp-json\/wp\/v2\/categories?post=11619"},{"taxonomy":"post_tag","embeddable":true,"href":"https:\/\/eldiariovirtual.com\/index.php\/wp-json\/wp\/v2\/tags?post=11619"}],"curies":[{"name":"wp","href":"https:\/\/api.w.org\/{rel}","templated":true}]}}