{"id":11880,"date":"2025-11-11T16:01:24","date_gmt":"2025-11-11T20:01:24","guid":{"rendered":"https:\/\/eldiariovirtual.com\/?p=11880"},"modified":"2025-11-12T16:19:21","modified_gmt":"2025-11-12T20:19:21","slug":"nuevo-zar-antidrogas-ernesto-justiniano-asume-el-viceministerio-de-defensa-social-con-el-compromiso-de-ejecutar-una-politica-moderna-profesional-y-humana","status":"publish","type":"post","link":"https:\/\/eldiariovirtual.com\/index.php\/2025\/11\/11\/nuevo-zar-antidrogas-ernesto-justiniano-asume-el-viceministerio-de-defensa-social-con-el-compromiso-de-ejecutar-una-politica-moderna-profesional-y-humana\/","title":{"rendered":"Nuevo \u2018zar\u2019 antidrogas: Ernesto Justiniano asume el Viceministerio de Defensa Social con el compromiso de ejecutar una pol\u00edtica moderna, profesional y humana"},"content":{"rendered":"\n<p><strong>El viceministerio de Defensa Social y Sustancias Controladas recupera un perfil activo en la lucha antidrogas con la posesi\u00f3n del ingeniero Ernesto Justiniano, quien asume esta delicada funci\u00f3n por segunda vez. \u201cVuelvo al servicio p\u00fablico con la serenidad que dan los a\u00f1os, para construir soluciones realistas, transparentes y sin ideolog\u00eda en la lucha contra las drogas\u201d, afirm\u00f3 al ser posesionado por el ministro de Gobierno, Marco Antonio Oviedo.<\/strong><\/p>\n\n\n\n<p>El Viceministerio de Defensa Social y Sustancias Controladas tiene a su cargo la pol\u00edtica p\u00fablica sobre coca y sustancias controladas, la planificaci\u00f3n de operativos de interdicci\u00f3n y la ejecuci\u00f3n de programas de erradicaci\u00f3n y sustituci\u00f3n, adem\u00e1s de articular acciones con la Polic\u00eda, Fuerzas Armadas y Fiscal\u00eda.<\/p>\n\n\n\n<figure class=\"wp-block-image size-full\"><img loading=\"lazy\" decoding=\"async\" width=\"984\" height=\"496\" src=\"https:\/\/eldiariovirtual.com\/wp-content\/uploads\/2025\/11\/peord50.jpg\" alt=\"\" class=\"wp-image-11881\" srcset=\"https:\/\/eldiariovirtual.com\/wp-content\/uploads\/2025\/11\/peord50.jpg 984w, https:\/\/eldiariovirtual.com\/wp-content\/uploads\/2025\/11\/peord50-300x151.jpg 300w, https:\/\/eldiariovirtual.com\/wp-content\/uploads\/2025\/11\/peord50-768x387.jpg 768w\" sizes=\"auto, (max-width: 984px) 100vw, 984px\" \/><\/figure>\n\n\n\n<p>Justiniano destac\u00f3 que su experiencia fuera del Estado, en el \u00e1mbito empresarial y en el periodismo digital, le permiti\u00f3 comprender los desaf\u00edos nacionales desde la mirada del ciudadano com\u00fan, y que esa perspectiva le otorga\u00a0<strong>i<\/strong>ndependencia y objetividad para encarar esta nueva etapa<strong>\u00a0con una gesti\u00f3n basada en la credibilidad t\u00e9cnica, la renovaci\u00f3n \u00e9tica y el di\u00e1logo nacional<\/strong>.<\/p>\n\n\n\n<p>\u201cEl narcotr\u00e1fico no reconoce fronteras; por eso Bolivia debe estar en el mundo y el mundo en Bolivia, pero con la cabeza en alto.&nbsp;<strong>El productor legal ser\u00e1 nuestro aliado; el enemigo es el narcotr\u00e1fico\u201d,<\/strong>&nbsp;subray\u00f3.<\/p>\n\n\n\n<p>\u00abS\u00e9 que la tarea es exigente. Enfrentar al narcotr\u00e1fico, fortalecer nuestras instituciones y proteger a la sociedad requiere decisi\u00f3n, coordinaci\u00f3n y coraje. Pero los bolivianos hemos superado desaf\u00edos mayores<br>cuando actuamos con unidad, transparencia y sentido de Patria. Nuestra misi\u00f3n es clara: construir una pol\u00edtica antidroga moderna, profesional y humana; firme en la ley, respetuosa de los derechos y abierta al mundo, con la soberan\u00eda nacional como baluarte\u00bb, destac\u00f3 en parte de su discurso.<\/p>\n\n\n\n<p>Vamos a eliminar el \u201cEstado tranca\u201d: ese entramado que convierte las normas en obst\u00e1culos y los controles en corrupci\u00f3n.&nbsp;<strong>Queremos un Estado que proteja sin abusar, que act\u00fae sin corromperse, y que dialogue sin rendirse.&nbsp;<\/strong><strong>Un Estado que use la ley como su mayor fuerza y el servicio como su raz\u00f3n de ser,&nbsp;<\/strong>puntualiz\u00f3 el flamante viceministro.<\/p>\n","protected":false},"excerpt":{"rendered":"<p>El viceministerio de Defensa Social y Sustancias Controladas recupera un perfil activo en la lucha&#8230;<\/p>\n","protected":false},"author":1,"featured_media":11881,"comment_status":"closed","ping_status":"closed","sticky":false,"template":"","format":"standard","meta":{"fifu_image_url":"","fifu_image_alt":"","footnotes":""},"categories":[1],"tags":[],"class_list":["post-11880","post","type-post","status-publish","format-standard","has-post-thumbnail","hentry","category-sin-categoria"],"_links":{"self":[{"href":"https:\/\/eldiariovirtual.com\/index.php\/wp-json\/wp\/v2\/posts\/11880","targetHints":{"allow":["GET"]}}],"collection":[{"href":"https:\/\/eldiariovirtual.com\/index.php\/wp-json\/wp\/v2\/posts"}],"about":[{"href":"https:\/\/eldiariovirtual.com\/index.php\/wp-json\/wp\/v2\/types\/post"}],"author":[{"embeddable":true,"href":"https:\/\/eldiariovirtual.com\/index.php\/wp-json\/wp\/v2\/users\/1"}],"replies":[{"embeddable":true,"href":"https:\/\/eldiariovirtual.com\/index.php\/wp-json\/wp\/v2\/comments?post=11880"}],"version-history":[{"count":1,"href":"https:\/\/eldiariovirtual.com\/index.php\/wp-json\/wp\/v2\/posts\/11880\/revisions"}],"predecessor-version":[{"id":11882,"href":"https:\/\/eldiariovirtual.com\/index.php\/wp-json\/wp\/v2\/posts\/11880\/revisions\/11882"}],"wp:featuredmedia":[{"embeddable":true,"href":"https:\/\/eldiariovirtual.com\/index.php\/wp-json\/wp\/v2\/media\/11881"}],"wp:attachment":[{"href":"https:\/\/eldiariovirtual.com\/index.php\/wp-json\/wp\/v2\/media?parent=11880"}],"wp:term":[{"taxonomy":"category","embeddable":true,"href":"https:\/\/eldiariovirtual.com\/index.php\/wp-json\/wp\/v2\/categories?post=11880"},{"taxonomy":"post_tag","embeddable":true,"href":"https:\/\/eldiariovirtual.com\/index.php\/wp-json\/wp\/v2\/tags?post=11880"}],"curies":[{"name":"wp","href":"https:\/\/api.w.org\/{rel}","templated":true}]}}