{"id":12015,"date":"2025-11-24T23:13:09","date_gmt":"2025-11-25T03:13:09","guid":{"rendered":"https:\/\/eldiariovirtual.com\/?p=12015"},"modified":"2025-11-29T23:17:59","modified_gmt":"2025-11-30T03:17:59","slug":"el-zar-antidrogas-confirma-que-la-dea-regresara-muy-pronto-a-bolivia","status":"publish","type":"post","link":"https:\/\/eldiariovirtual.com\/index.php\/2025\/11\/24\/el-zar-antidrogas-confirma-que-la-dea-regresara-muy-pronto-a-bolivia\/","title":{"rendered":"El \u201czar antidrogas\u201d confirma que la DEA \u201cregresar\u00e1 muy pronto\u201d a Bolivia"},"content":{"rendered":"\n<p>La DEA regresar\u00e1 \u00abmuy pronto, porque existe un compromiso pol\u00edtico y eso es lo m\u00e1s importante\u00bb, declar\u00f3 el viceministro de Defensa Social y Sustancias Controladas, Ernesto Justiniano.<\/p>\n\n\n\n<figure class=\"wp-block-image size-full\"><img loading=\"lazy\" decoding=\"async\" width=\"992\" height=\"558\" src=\"https:\/\/eldiariovirtual.com\/wp-content\/uploads\/2025\/11\/2025111122403510284.webp\" alt=\"\" class=\"wp-image-12016\" srcset=\"https:\/\/eldiariovirtual.com\/wp-content\/uploads\/2025\/11\/2025111122403510284.webp 992w, https:\/\/eldiariovirtual.com\/wp-content\/uploads\/2025\/11\/2025111122403510284-300x169.webp 300w, https:\/\/eldiariovirtual.com\/wp-content\/uploads\/2025\/11\/2025111122403510284-768x432.webp 768w\" sizes=\"auto, (max-width: 992px) 100vw, 992px\" \/><\/figure>\n\n\n\n<p>Ernesto Justiniano (c) vuelve al cargo de \u00abzar antidrogas\u00bb luego de 22 a\u00f1os<\/p>\n\n\n\n<p>El viceministro de Defensa Social y Sustancias Controladas, Ernesto Justiniano, confirm\u00f3 que la Agencia Antidrogas de Estados Unidos (DEA por su sigla en ingl\u00e9s) \u201cregresar\u00e1 muy pronto\u201d a Bolivia.<\/p>\n\n\n\n<p>La DEA regresar\u00e1 \u00abmuy pronto, porque existe un compromiso pol\u00edtico y eso es lo m\u00e1s importante\u00bb, declar\u00f3 Justiniano a la agencia de noticias francesa AFP.<\/p>\n\n\n\n<p>En ese sentido, Justiniano afirm\u00f3 que el retorno oficial de la Agencia Antidrogas de Estados Unidos (DEA) marca una nueva etapa de cooperaci\u00f3n internacional para fortalecer las acciones contra el narcotr\u00e1fico en el pa\u00eds.<\/p>\n\n\n\n<p>\u201cCuando nosotros decimos que retorna la DEA, y esto es importante decirlo, retorna oficialmente. \u00bfQu\u00e9 significa eso? Significa que, a partir del momento en que decimos que retorna, compartimos informaci\u00f3n y nos comparten informaci\u00f3n, hay una cooperaci\u00f3n en ese sentido que es central\u201d, explic\u00f3 la autoridad.<\/p>\n\n\n\n<p>Justiniano remarc\u00f3 que el Gobierno identific\u00f3 al productor legal de coca como un aliado estrat\u00e9gico en esta pol\u00edtica, destacando que el objetivo com\u00fan es combatir al narcotr\u00e1fico.<\/p>\n\n\n\n<p>\u201cEl productor legal es nuestro aliado, el enemigo es el narcotr\u00e1fico, y si partimos de esa premisa, creo que todos nos vamos a poner en marcha para que no haya ning\u00fan tipo de problemas con la cooperaci\u00f3n internacional\u201d, agreg\u00f3.<\/p>\n\n\n\n<p>La autoridad tambi\u00e9n subray\u00f3 la importancia de articular esfuerzos con otros pa\u00edses y organismos especializados.<\/p>\n\n\n\n<p>\u201cEl narcotr\u00e1fico no tiene frontera y era una lucha desigual plantear solamente una lucha con las fuerzas policiales bolivianas y no en coordinaci\u00f3n con la comunidad internacional\u201d, sostuvo.<\/p>\n\n\n\n<p>La DEA estuvo ausente en Bolivia desde la ruptura de las relaciones bilaterales en 2008, cuando el entonces presidente Evo Morales expuls\u00f3 al embajador estadounidense, a quien acusaba de apoyar un movimiento de derecha que, seg\u00fan \u00e9l, buscaba dividir al pa\u00eds andino.<\/p>\n","protected":false},"excerpt":{"rendered":"<p>La DEA regresar\u00e1 \u00abmuy pronto, porque existe un compromiso pol\u00edtico y eso es lo m\u00e1s&#8230;<\/p>\n","protected":false},"author":1,"featured_media":12016,"comment_status":"closed","ping_status":"closed","sticky":false,"template":"","format":"standard","meta":{"fifu_image_url":"","fifu_image_alt":"","footnotes":""},"categories":[1],"tags":[],"class_list":["post-12015","post","type-post","status-publish","format-standard","has-post-thumbnail","hentry","category-sin-categoria"],"_links":{"self":[{"href":"https:\/\/eldiariovirtual.com\/index.php\/wp-json\/wp\/v2\/posts\/12015","targetHints":{"allow":["GET"]}}],"collection":[{"href":"https:\/\/eldiariovirtual.com\/index.php\/wp-json\/wp\/v2\/posts"}],"about":[{"href":"https:\/\/eldiariovirtual.com\/index.php\/wp-json\/wp\/v2\/types\/post"}],"author":[{"embeddable":true,"href":"https:\/\/eldiariovirtual.com\/index.php\/wp-json\/wp\/v2\/users\/1"}],"replies":[{"embeddable":true,"href":"https:\/\/eldiariovirtual.com\/index.php\/wp-json\/wp\/v2\/comments?post=12015"}],"version-history":[{"count":1,"href":"https:\/\/eldiariovirtual.com\/index.php\/wp-json\/wp\/v2\/posts\/12015\/revisions"}],"predecessor-version":[{"id":12017,"href":"https:\/\/eldiariovirtual.com\/index.php\/wp-json\/wp\/v2\/posts\/12015\/revisions\/12017"}],"wp:featuredmedia":[{"embeddable":true,"href":"https:\/\/eldiariovirtual.com\/index.php\/wp-json\/wp\/v2\/media\/12016"}],"wp:attachment":[{"href":"https:\/\/eldiariovirtual.com\/index.php\/wp-json\/wp\/v2\/media?parent=12015"}],"wp:term":[{"taxonomy":"category","embeddable":true,"href":"https:\/\/eldiariovirtual.com\/index.php\/wp-json\/wp\/v2\/categories?post=12015"},{"taxonomy":"post_tag","embeddable":true,"href":"https:\/\/eldiariovirtual.com\/index.php\/wp-json\/wp\/v2\/tags?post=12015"}],"curies":[{"name":"wp","href":"https:\/\/api.w.org\/{rel}","templated":true}]}}