{"id":12018,"date":"2025-11-23T23:23:35","date_gmt":"2025-11-24T03:23:35","guid":{"rendered":"https:\/\/eldiariovirtual.com\/?p=12018"},"modified":"2025-11-29T23:28:08","modified_gmt":"2025-11-30T03:28:08","slug":"presidente-afirma-que-se-crearan-varias-comisiones-de-la-verdad","status":"publish","type":"post","link":"https:\/\/eldiariovirtual.com\/index.php\/2025\/11\/23\/presidente-afirma-que-se-crearan-varias-comisiones-de-la-verdad\/","title":{"rendered":"Presidente afirma que se crear\u00e1n varias comisiones de la verdad"},"content":{"rendered":"\n<p><em><strong>A dos semanas de comenzar su gesti\u00f3n, el gobierno de Paz\u00a0 detect\u00f3 varias irregularidades en el sector energ\u00e9tico y en otras \u00e1reas estatales.<\/strong><\/em><\/p>\n\n\n\n<figure class=\"wp-block-image size-large\"><img loading=\"lazy\" decoding=\"async\" width=\"1024\" height=\"512\" src=\"https:\/\/eldiariovirtual.com\/wp-content\/uploads\/2025\/11\/YPFC_COMISION_23-11-1024x512.jpg\" alt=\"\" class=\"wp-image-12019\" srcset=\"https:\/\/eldiariovirtual.com\/wp-content\/uploads\/2025\/11\/YPFC_COMISION_23-11-1024x512.jpg 1024w, https:\/\/eldiariovirtual.com\/wp-content\/uploads\/2025\/11\/YPFC_COMISION_23-11-300x150.jpg 300w, https:\/\/eldiariovirtual.com\/wp-content\/uploads\/2025\/11\/YPFC_COMISION_23-11-768x384.jpg 768w, https:\/\/eldiariovirtual.com\/wp-content\/uploads\/2025\/11\/YPFC_COMISION_23-11.jpg 1280w\" sizes=\"auto, (max-width: 1024px) 100vw, 1024px\" \/><\/figure>\n\n\n\n<p>El presidente Rodrigo Paz inform\u00f3 que se crear\u00e1n varias comisiones de la verdad, no solo en el sector de hidrocarburos. El objetivo es conocer la situaci\u00f3n real que dej\u00f3 la administraci\u00f3n de 20 a\u00f1os del MAS en el pa\u00eds.<\/p>\n\n\n\n<p>\u201cHay que ense\u00f1ar cu\u00e1l es la cloaca que nos dejaron para que la gente sepa, no solo para que paguen los responsables ante la justicia, sino para las transformaciones que hay que tomar\u201d, se\u00f1al\u00f3 Paz durante la inauguraci\u00f3n de un frigor\u00edfico privado en Santa Cruz.<\/p>\n\n\n\n<p>La creaci\u00f3n de la Comisi\u00f3n de la Verdad de los Hidrocarburos fue el anuncio que hizo el Gobierno el jueves y es la primera de varias que se conformar\u00e1n, asever\u00f3 el Presidente en contacto con los medios de prensa.<\/p>\n\n\n\n<p>\u201cEs la primera, pero va a haber diversas comisiones de la verdad\u201d, puntualiz\u00f3.<\/p>\n\n\n\n<p>A dos semanas de comenzar su gesti\u00f3n, el gobierno de Paz&nbsp; detect\u00f3 varias irregularidades en el sector energ\u00e9tico y en otras \u00e1reas estatales.<\/p>\n\n\n\n<p>\u201cEn apenas 12 d\u00edas de Gobierno, hemos encontrado hechos grav\u00edsimos de gestiones pasadas sobre corrupci\u00f3n, desfalco y robo en el sector espec\u00edfico de hidrocarburos\u201d, dijo.<\/p>\n\n\n\n<p>Tambi\u00e9n destac\u00f3 la importancia de que los responsables enfrenten la justicia por el perjuicio que se ocasion\u00f3 a la poblaci\u00f3n boliviana.<\/p>\n\n\n\n<p>El Ejecutivo busca con estas acciones garantizar transparencia y estabilidad en el suministro de combustibles. \u201cHay gasolina, hay di\u00e9sel, la log\u00edstica tiene sus problemas, pero hay\u201d, remarc\u00f3 Paz, quien agreg\u00f3 que proteger\u00e1 los intereses de la poblaci\u00f3n boliviana.<\/p>\n\n\n\n<p>Al respecto, el diputado del Partido Dem\u00f3crata Cristiano (PDC) Alejandro Medinaceli destac\u00f3 la conformaci\u00f3n de la Comisi\u00f3n de los Hidrocarburos, en la que participar\u00e1 la Asamblea Legislativa Plurinacional.<\/p>\n\n\n\n<p>Anunci\u00f3 que en los pr\u00f3ximos d\u00edas se conocer\u00e1 la hermen\u00e9utica de esta comisi\u00f3n.<\/p>\n\n\n\n<p>El diputado de la Alianza Unidad Alejandro Reyes consider\u00f3 que se debe conocer la verdad y procesar a los responsables del mal manejo de los hidrocarburos.<\/p>\n\n\n\n<p><strong>AEP<\/strong><\/p>\n","protected":false},"excerpt":{"rendered":"<p>A dos semanas de comenzar su gesti\u00f3n, el gobierno de Paz\u00a0 detect\u00f3 varias irregularidades en&#8230;<\/p>\n","protected":false},"author":1,"featured_media":12019,"comment_status":"closed","ping_status":"closed","sticky":false,"template":"","format":"standard","meta":{"fifu_image_url":"","fifu_image_alt":"","footnotes":""},"categories":[1],"tags":[],"class_list":["post-12018","post","type-post","status-publish","format-standard","has-post-thumbnail","hentry","category-sin-categoria"],"_links":{"self":[{"href":"https:\/\/eldiariovirtual.com\/index.php\/wp-json\/wp\/v2\/posts\/12018","targetHints":{"allow":["GET"]}}],"collection":[{"href":"https:\/\/eldiariovirtual.com\/index.php\/wp-json\/wp\/v2\/posts"}],"about":[{"href":"https:\/\/eldiariovirtual.com\/index.php\/wp-json\/wp\/v2\/types\/post"}],"author":[{"embeddable":true,"href":"https:\/\/eldiariovirtual.com\/index.php\/wp-json\/wp\/v2\/users\/1"}],"replies":[{"embeddable":true,"href":"https:\/\/eldiariovirtual.com\/index.php\/wp-json\/wp\/v2\/comments?post=12018"}],"version-history":[{"count":1,"href":"https:\/\/eldiariovirtual.com\/index.php\/wp-json\/wp\/v2\/posts\/12018\/revisions"}],"predecessor-version":[{"id":12020,"href":"https:\/\/eldiariovirtual.com\/index.php\/wp-json\/wp\/v2\/posts\/12018\/revisions\/12020"}],"wp:featuredmedia":[{"embeddable":true,"href":"https:\/\/eldiariovirtual.com\/index.php\/wp-json\/wp\/v2\/media\/12019"}],"wp:attachment":[{"href":"https:\/\/eldiariovirtual.com\/index.php\/wp-json\/wp\/v2\/media?parent=12018"}],"wp:term":[{"taxonomy":"category","embeddable":true,"href":"https:\/\/eldiariovirtual.com\/index.php\/wp-json\/wp\/v2\/categories?post=12018"},{"taxonomy":"post_tag","embeddable":true,"href":"https:\/\/eldiariovirtual.com\/index.php\/wp-json\/wp\/v2\/tags?post=12018"}],"curies":[{"name":"wp","href":"https:\/\/api.w.org\/{rel}","templated":true}]}}