{"id":12021,"date":"2025-11-24T23:30:43","date_gmt":"2025-11-25T03:30:43","guid":{"rendered":"https:\/\/eldiariovirtual.com\/?p=12021"},"modified":"2025-11-29T23:34:22","modified_gmt":"2025-11-30T03:34:22","slug":"medios-estatales-nuevas-medidas-economicas-y-reorganizacion-del-estado-destacan-en-la-agenda-del-ejecutivo-al-iniciar-la-semana","status":"publish","type":"post","link":"https:\/\/eldiariovirtual.com\/index.php\/2025\/11\/24\/medios-estatales-nuevas-medidas-economicas-y-reorganizacion-del-estado-destacan-en-la-agenda-del-ejecutivo-al-iniciar-la-semana\/","title":{"rendered":"Medios estatales, nuevas medidas econ\u00f3micas y reorganizaci\u00f3n del Estado destacan en la agenda del Ejecutivo al iniciar la semana"},"content":{"rendered":"\n<p><em><strong>Entre las medidas m\u00e1s destacadas, el Gobierno reafirm\u00f3 su plan para incorporar al 85% de los trabajadores informales a la econom\u00eda formal.<\/strong><\/em><\/p>\n\n\n\n<figure class=\"wp-block-image size-large\"><img loading=\"lazy\" decoding=\"async\" width=\"1024\" height=\"512\" src=\"https:\/\/eldiariovirtual.com\/wp-content\/uploads\/2025\/11\/VOCERA_PRESIDENCIAL-1024x512.jpg\" alt=\"\" class=\"wp-image-12022\" srcset=\"https:\/\/eldiariovirtual.com\/wp-content\/uploads\/2025\/11\/VOCERA_PRESIDENCIAL-1024x512.jpg 1024w, https:\/\/eldiariovirtual.com\/wp-content\/uploads\/2025\/11\/VOCERA_PRESIDENCIAL-300x150.jpg 300w, https:\/\/eldiariovirtual.com\/wp-content\/uploads\/2025\/11\/VOCERA_PRESIDENCIAL-768x384.jpg 768w, https:\/\/eldiariovirtual.com\/wp-content\/uploads\/2025\/11\/VOCERA_PRESIDENCIAL.jpg 1280w\" sizes=\"auto, (max-width: 1024px) 100vw, 1024px\" \/><\/figure>\n\n\n\n<p>El gobierno de Rodrigo Paz arranc\u00f3 la semana con anuncios que buscan redefinir la gesti\u00f3n estatal y dar se\u00f1ales de transparencia y orden en Bolivia. La vocera presidencial, Carla Faval, destac\u00f3 que tras dos semanas de gesti\u00f3n, el Ejecutivo mantiene firme su compromiso con la estabilidad institucional y el bienestar del pueblo, reconociendo que heredaron \u201cun pa\u00eds con profundas distorsiones y un aparato estatal usado para fines pol\u00edticos\u201d.<\/p>\n\n\n\n<p>Entre las medidas m\u00e1s destacadas, el Gobierno reafirm\u00f3 su plan para incorporar al 85% de los trabajadores informales a la econom\u00eda formal, buscando que esta transici\u00f3n sea un beneficio y no una carga. Adem\u00e1s, se anunciaron cambios importantes en la comunicaci\u00f3n estatal: el peri\u00f3dico Ahora El Pueblo dejar\u00e1 de imprimirse y pasar\u00e1 a formato digital, y la Agencia Boliviana de Informaci\u00f3n (ABI) ser\u00e1 replanteada, con operaciones suspendidas temporalmente hasta definir su rumbo.<\/p>\n\n\n\n<p>En el \u00e1mbito institucional y de lucha contra la corrupci\u00f3n, Faval inform\u00f3 que esta semana se reunir\u00e1 por primera vez la Comisi\u00f3n de la Verdad, integrada por representantes pol\u00edticos y autoridades del Estado, incluyendo al Procurador General y la ANH. Por otro lado, aclar\u00f3 que la ausencia temporal del vicepresidente Edmand Lara son por motivos familiares y asegur\u00f3 que habr\u00e1 una coordinaci\u00f3n con el presidente Paz.<\/p>\n\n\n\n<p><\/p>\n","protected":false},"excerpt":{"rendered":"<p>Entre las medidas m\u00e1s destacadas, el Gobierno reafirm\u00f3 su plan para incorporar al 85% de&#8230;<\/p>\n","protected":false},"author":1,"featured_media":12022,"comment_status":"closed","ping_status":"closed","sticky":false,"template":"","format":"standard","meta":{"fifu_image_url":"","fifu_image_alt":"","footnotes":""},"categories":[1],"tags":[],"class_list":["post-12021","post","type-post","status-publish","format-standard","has-post-thumbnail","hentry","category-sin-categoria"],"_links":{"self":[{"href":"https:\/\/eldiariovirtual.com\/index.php\/wp-json\/wp\/v2\/posts\/12021","targetHints":{"allow":["GET"]}}],"collection":[{"href":"https:\/\/eldiariovirtual.com\/index.php\/wp-json\/wp\/v2\/posts"}],"about":[{"href":"https:\/\/eldiariovirtual.com\/index.php\/wp-json\/wp\/v2\/types\/post"}],"author":[{"embeddable":true,"href":"https:\/\/eldiariovirtual.com\/index.php\/wp-json\/wp\/v2\/users\/1"}],"replies":[{"embeddable":true,"href":"https:\/\/eldiariovirtual.com\/index.php\/wp-json\/wp\/v2\/comments?post=12021"}],"version-history":[{"count":1,"href":"https:\/\/eldiariovirtual.com\/index.php\/wp-json\/wp\/v2\/posts\/12021\/revisions"}],"predecessor-version":[{"id":12023,"href":"https:\/\/eldiariovirtual.com\/index.php\/wp-json\/wp\/v2\/posts\/12021\/revisions\/12023"}],"wp:featuredmedia":[{"embeddable":true,"href":"https:\/\/eldiariovirtual.com\/index.php\/wp-json\/wp\/v2\/media\/12022"}],"wp:attachment":[{"href":"https:\/\/eldiariovirtual.com\/index.php\/wp-json\/wp\/v2\/media?parent=12021"}],"wp:term":[{"taxonomy":"category","embeddable":true,"href":"https:\/\/eldiariovirtual.com\/index.php\/wp-json\/wp\/v2\/categories?post=12021"},{"taxonomy":"post_tag","embeddable":true,"href":"https:\/\/eldiariovirtual.com\/index.php\/wp-json\/wp\/v2\/tags?post=12021"}],"curies":[{"name":"wp","href":"https:\/\/api.w.org\/{rel}","templated":true}]}}