{"id":12024,"date":"2025-11-23T23:35:11","date_gmt":"2025-11-24T03:35:11","guid":{"rendered":"https:\/\/eldiariovirtual.com\/?p=12024"},"modified":"2025-11-29T23:39:37","modified_gmt":"2025-11-30T03:39:37","slug":"en-el-senado-reactivan-debate-sobre-la-designacion-del-contralor-general-del-estado","status":"publish","type":"post","link":"https:\/\/eldiariovirtual.com\/index.php\/2025\/11\/23\/en-el-senado-reactivan-debate-sobre-la-designacion-del-contralor-general-del-estado\/","title":{"rendered":"En el Senado reactivan debate sobre la designaci\u00f3n del Contralor General del Estado"},"content":{"rendered":"\n<p><em><strong>Este proceso de elecci\u00f3n del nuevo contralor inici\u00f3 en 2022, pero no se logr\u00f3 la designaci\u00f3n por la falta de consensos en las entonces tres bancadas (MAS-IPSP, Creemos y Comunidad Ciudadana).<\/strong><\/em><\/p>\n\n\n\n<figure class=\"wp-block-image size-large\"><img loading=\"lazy\" decoding=\"async\" width=\"1024\" height=\"512\" src=\"https:\/\/eldiariovirtual.com\/wp-content\/uploads\/2025\/11\/SENADO_CONTRALOR_23-11-1024x512.jpg\" alt=\"\" class=\"wp-image-12025\" srcset=\"https:\/\/eldiariovirtual.com\/wp-content\/uploads\/2025\/11\/SENADO_CONTRALOR_23-11-1024x512.jpg 1024w, https:\/\/eldiariovirtual.com\/wp-content\/uploads\/2025\/11\/SENADO_CONTRALOR_23-11-300x150.jpg 300w, https:\/\/eldiariovirtual.com\/wp-content\/uploads\/2025\/11\/SENADO_CONTRALOR_23-11-768x384.jpg 768w, https:\/\/eldiariovirtual.com\/wp-content\/uploads\/2025\/11\/SENADO_CONTRALOR_23-11.jpg 1280w\" sizes=\"auto, (max-width: 1024px) 100vw, 1024px\" \/><\/figure>\n\n\n\n<p><em>El hemiciclo de la C\u00e1mara de Senadores.<\/em><\/p>\n\n\n\n<p>La Comisi\u00f3n de Planificaci\u00f3n, Pol\u00edtica Econ\u00f3mica y Finanzas analiz\u00f3 en su primera sesi\u00f3n el proceso de elecci\u00f3n del nuevo Contralor General del Estado, que tiene desde julio de 2022 una autoridad interina debido a que el Legislativo no complet\u00f3 el proceso de designaci\u00f3n.<\/p>\n\n\n\n<p>\u201cHemos abordado la elecci\u00f3n del Contralor General del Estado. Lamentablemente se ha hecho un proceso en el a\u00f1o 2022 y ya han pasado varios a\u00f1os y no se ha podido elegir. Ha habido procesos de por medio, amparos constitucionales y bueno, esto hoy se encuentra en manos de la vicepresidencia e imaginamos de que m\u00e1s adelante tambi\u00e9n va a haber novedades respecto a ese tema\u201d, indic\u00f3 la senadora Rosalva Romero.<\/p>\n\n\n\n<p>Este proceso de elecci\u00f3n del nuevo contralor inici\u00f3 en 2022, pero no se logr\u00f3 la designaci\u00f3n por la falta de consensos en las entonces tres bancadas (MAS-IPSP, Creemos y Comunidad Ciudadana), teniendo en cuenta que se requiere de dos tercios de los asamble\u00edstas presentes.<\/p>\n\n\n\n<p>Por esa raz\u00f3n, el 4 de julio de 2022, el entonces presidente Luis Arce posesion\u00f3 a Nora Mamani como nueva Contralora General del Estado interina hasta que la Asamblea \u201ccumpla con su mandato constitucional\u201d.<\/p>\n\n\n\n<p>Los postulantes que llegaron a la etapa de designaci\u00f3n a cargo de la Asamblea Legislativa Plurinacional son: Roy Cecilio Ancasi Colque, Benedicto Marcos Apaza Vargas, Armando Arce Balcazar, Edgar Luis Cayujra Barreto, Ana Mar\u00eda Chuquimia Quispe, Edino Claudio Clavijo Ponce, Carlos Javier Garr\u00f3n, Miguel \u00c1ngel Mara\u00f1\u00f3n Urquidi, Sandra Quiroga Solano y Alfredo Lorenzo Villca Cari.<\/p>\n\n\n\n<p>La Asamblea Legislativa, que inici\u00f3 su gesti\u00f3n el 8 de noviembre, tendr\u00e1 que decidir qu\u00e9 suceder\u00e1 con este proceso de designaci\u00f3n del contralor que ejerce la funci\u00f3n de control de la administraci\u00f3n de las entidades p\u00fablicas y de aquellas en las que el Estado tenga participaci\u00f3n o inter\u00e9s econ\u00f3mico.<\/p>\n","protected":false},"excerpt":{"rendered":"<p>Este proceso de elecci\u00f3n del nuevo contralor inici\u00f3 en 2022, pero no se logr\u00f3 la&#8230;<\/p>\n","protected":false},"author":1,"featured_media":12025,"comment_status":"closed","ping_status":"closed","sticky":false,"template":"","format":"standard","meta":{"fifu_image_url":"","fifu_image_alt":"","footnotes":""},"categories":[1],"tags":[],"class_list":["post-12024","post","type-post","status-publish","format-standard","has-post-thumbnail","hentry","category-sin-categoria"],"_links":{"self":[{"href":"https:\/\/eldiariovirtual.com\/index.php\/wp-json\/wp\/v2\/posts\/12024","targetHints":{"allow":["GET"]}}],"collection":[{"href":"https:\/\/eldiariovirtual.com\/index.php\/wp-json\/wp\/v2\/posts"}],"about":[{"href":"https:\/\/eldiariovirtual.com\/index.php\/wp-json\/wp\/v2\/types\/post"}],"author":[{"embeddable":true,"href":"https:\/\/eldiariovirtual.com\/index.php\/wp-json\/wp\/v2\/users\/1"}],"replies":[{"embeddable":true,"href":"https:\/\/eldiariovirtual.com\/index.php\/wp-json\/wp\/v2\/comments?post=12024"}],"version-history":[{"count":1,"href":"https:\/\/eldiariovirtual.com\/index.php\/wp-json\/wp\/v2\/posts\/12024\/revisions"}],"predecessor-version":[{"id":12026,"href":"https:\/\/eldiariovirtual.com\/index.php\/wp-json\/wp\/v2\/posts\/12024\/revisions\/12026"}],"wp:featuredmedia":[{"embeddable":true,"href":"https:\/\/eldiariovirtual.com\/index.php\/wp-json\/wp\/v2\/media\/12025"}],"wp:attachment":[{"href":"https:\/\/eldiariovirtual.com\/index.php\/wp-json\/wp\/v2\/media?parent=12024"}],"wp:term":[{"taxonomy":"category","embeddable":true,"href":"https:\/\/eldiariovirtual.com\/index.php\/wp-json\/wp\/v2\/categories?post=12024"},{"taxonomy":"post_tag","embeddable":true,"href":"https:\/\/eldiariovirtual.com\/index.php\/wp-json\/wp\/v2\/tags?post=12024"}],"curies":[{"name":"wp","href":"https:\/\/api.w.org\/{rel}","templated":true}]}}