{"id":12027,"date":"2025-11-24T23:41:36","date_gmt":"2025-11-25T03:41:36","guid":{"rendered":"https:\/\/eldiariovirtual.com\/?p=12027"},"modified":"2025-11-29T23:44:43","modified_gmt":"2025-11-30T03:44:43","slug":"vocales-del-tse-cumpliran-su-mandato-hasta-el-19-de-diciembre","status":"publish","type":"post","link":"https:\/\/eldiariovirtual.com\/index.php\/2025\/11\/24\/vocales-del-tse-cumpliran-su-mandato-hasta-el-19-de-diciembre\/","title":{"rendered":"Vocales del TSE cumplir\u00e1n su mandato hasta el 19 de diciembre"},"content":{"rendered":"\n<p><em><strong>El vocal Ch\u00e1vez aclar\u00f3 que no tienen la facultad de autoprorrogarse, ya que no pueden emitir ninguna resoluci\u00f3n de esa manera.<\/strong><\/em><\/p>\n\n\n\n<figure class=\"wp-block-image size-large\"><img loading=\"lazy\" decoding=\"async\" width=\"1024\" height=\"512\" src=\"https:\/\/eldiariovirtual.com\/wp-content\/uploads\/2025\/11\/VOCALES_MANDATO_24-11-1024x512.jpg\" alt=\"\" class=\"wp-image-12028\" srcset=\"https:\/\/eldiariovirtual.com\/wp-content\/uploads\/2025\/11\/VOCALES_MANDATO_24-11-1024x512.jpg 1024w, https:\/\/eldiariovirtual.com\/wp-content\/uploads\/2025\/11\/VOCALES_MANDATO_24-11-300x150.jpg 300w, https:\/\/eldiariovirtual.com\/wp-content\/uploads\/2025\/11\/VOCALES_MANDATO_24-11-768x384.jpg 768w, https:\/\/eldiariovirtual.com\/wp-content\/uploads\/2025\/11\/VOCALES_MANDATO_24-11.jpg 1280w\" sizes=\"auto, (max-width: 1024px) 100vw, 1024px\" \/><\/figure>\n\n\n\n<p>El vocal del Tribunal Electoral Departamental (TED) de La Paz, Sabino Ch\u00e1vez.<\/p>\n\n\n\n<p>El vocal del Tribunal Electoral Departamental (TED) de La Paz, Sabino Ch\u00e1vez, confirm\u00f3 que las autoridades electorales del pa\u00eds cumplir\u00e1n su mandato hasta el 19 de diciembre, fecha para la cual fueron designados en 2019. Aclar\u00f3 que el \u00d3rgano Electoral no tiene la facultad para autoprorrogarse y que cualquier decisi\u00f3n sobre la continuidad institucional corresponde exclusivamente a la Asamblea Legislativa Plurinacional.<\/p>\n\n\n\n<p>\u201cNosotros tenemos un mandato. Hasta el d\u00eda 19 las actividades que nos toca realizar vamos a cumplir, y de ah\u00ed para adelante ya seguramente la Asamblea Legislativa ver\u00e1 cu\u00e1l es el siguiente camino\u201d, afirm\u00f3 Ch\u00e1vez.<\/p>\n\n\n\n<p>La autoridad remarc\u00f3 que no puede existir un vac\u00edo institucional, ya que las salas plenas de los tribunales electorales se instalan con qu\u00f3rum de tres vocales, y las resoluciones, tanto administrativas como jurisdiccionales, se aprueban por mayor\u00eda.<\/p>\n\n\n\n<p>Ch\u00e1vez diferenci\u00f3 los conceptos de pr\u00f3rroga y alargamiento de mandato, se\u00f1alando que este \u00faltimo s\u00ed ha ocurrido en casos anteriores, como en las autoridades nacionales y subnacionales durante los procesos electorales de 2020 y 2021. Sin embargo, enfatiz\u00f3 que el TSE no emiti\u00f3 ninguna resoluci\u00f3n que pueda interpretarse como una autopr\u00f3rroga.<\/p>\n\n\n\n<p>Record\u00f3 que los vocales fueron designados el 19 de diciembre de 2019: seis en el Tribunal Supremo Electoral y cuatro en cada Tribunal Electoral Departamental, con un vocal adicional para completar cinco en los TED y otro en el TSE.<\/p>\n\n\n\n<p>Explic\u00f3 que los casos de autoridades que cumplir\u00edan un periodo menor corresponden \u00fanicamente a vocales que ingresaron como complementaci\u00f3n por renuncia, pero todos, titulares y suplentes, culminan su mandato el mismo d\u00eda.<\/p>\n\n\n\n<p><\/p>\n\n\n\n<p><\/p>\n","protected":false},"excerpt":{"rendered":"<p>El vocal Ch\u00e1vez aclar\u00f3 que no tienen la facultad de autoprorrogarse, ya que no pueden&#8230;<\/p>\n","protected":false},"author":1,"featured_media":12028,"comment_status":"closed","ping_status":"closed","sticky":false,"template":"","format":"standard","meta":{"fifu_image_url":"","fifu_image_alt":"","footnotes":""},"categories":[1],"tags":[],"class_list":["post-12027","post","type-post","status-publish","format-standard","has-post-thumbnail","hentry","category-sin-categoria"],"_links":{"self":[{"href":"https:\/\/eldiariovirtual.com\/index.php\/wp-json\/wp\/v2\/posts\/12027","targetHints":{"allow":["GET"]}}],"collection":[{"href":"https:\/\/eldiariovirtual.com\/index.php\/wp-json\/wp\/v2\/posts"}],"about":[{"href":"https:\/\/eldiariovirtual.com\/index.php\/wp-json\/wp\/v2\/types\/post"}],"author":[{"embeddable":true,"href":"https:\/\/eldiariovirtual.com\/index.php\/wp-json\/wp\/v2\/users\/1"}],"replies":[{"embeddable":true,"href":"https:\/\/eldiariovirtual.com\/index.php\/wp-json\/wp\/v2\/comments?post=12027"}],"version-history":[{"count":1,"href":"https:\/\/eldiariovirtual.com\/index.php\/wp-json\/wp\/v2\/posts\/12027\/revisions"}],"predecessor-version":[{"id":12029,"href":"https:\/\/eldiariovirtual.com\/index.php\/wp-json\/wp\/v2\/posts\/12027\/revisions\/12029"}],"wp:featuredmedia":[{"embeddable":true,"href":"https:\/\/eldiariovirtual.com\/index.php\/wp-json\/wp\/v2\/media\/12028"}],"wp:attachment":[{"href":"https:\/\/eldiariovirtual.com\/index.php\/wp-json\/wp\/v2\/media?parent=12027"}],"wp:term":[{"taxonomy":"category","embeddable":true,"href":"https:\/\/eldiariovirtual.com\/index.php\/wp-json\/wp\/v2\/categories?post=12027"},{"taxonomy":"post_tag","embeddable":true,"href":"https:\/\/eldiariovirtual.com\/index.php\/wp-json\/wp\/v2\/tags?post=12027"}],"curies":[{"name":"wp","href":"https:\/\/api.w.org\/{rel}","templated":true}]}}