{"id":12030,"date":"2025-11-25T23:51:50","date_gmt":"2025-11-26T03:51:50","guid":{"rendered":"https:\/\/eldiariovirtual.com\/?p=12030"},"modified":"2025-11-29T23:57:23","modified_gmt":"2025-11-30T03:57:23","slug":"paz-anuncia-el-inicio-de-una-nueva-etapa-con-la-posesion-del-procurador-del-estado","status":"publish","type":"post","link":"https:\/\/eldiariovirtual.com\/index.php\/2025\/11\/25\/paz-anuncia-el-inicio-de-una-nueva-etapa-con-la-posesion-del-procurador-del-estado\/","title":{"rendered":"Paz anuncia el inicio de una nueva etapa con la posesi\u00f3n del procurador del Estado"},"content":{"rendered":"\n<p><em><strong>Hugo C\u00e9sar Le\u00f3n es la nueva autoridad que afirm\u00f3 que su gesti\u00f3n estar\u00e1 enfocada en reinstitucionalizar el Estado y devolver a la Procuradur\u00eda su mandato constitucional.<\/strong><\/em><\/p>\n\n\n\n<figure class=\"wp-block-image size-large\"><img loading=\"lazy\" decoding=\"async\" width=\"1024\" height=\"512\" src=\"https:\/\/eldiariovirtual.com\/wp-content\/uploads\/2025\/11\/PAZ_PROCURADOR_25-11-1024x512.jpg\" alt=\"\" class=\"wp-image-12031\" srcset=\"https:\/\/eldiariovirtual.com\/wp-content\/uploads\/2025\/11\/PAZ_PROCURADOR_25-11-1024x512.jpg 1024w, https:\/\/eldiariovirtual.com\/wp-content\/uploads\/2025\/11\/PAZ_PROCURADOR_25-11-300x150.jpg 300w, https:\/\/eldiariovirtual.com\/wp-content\/uploads\/2025\/11\/PAZ_PROCURADOR_25-11-768x384.jpg 768w, https:\/\/eldiariovirtual.com\/wp-content\/uploads\/2025\/11\/PAZ_PROCURADOR_25-11.jpg 1280w\" sizes=\"auto, (max-width: 1024px) 100vw, 1024px\" \/><\/figure>\n\n\n\n<p><em>El presidente Rodrigo Paz posesion\u00f3 al nuevo procurador general del Estado, Hugo Le\u00f3n.<\/em><\/p>\n\n\n\n<p>El presidente Rodrigo Paz posesion\u00f3 a Hugo C\u00e9sar Le\u00f3n como procurador general del Estado y destac\u00f3 el inicio de una nueva etapa orientada a la recuperaci\u00f3n institucional, el fortalecimiento del Estado de derecho y la eliminaci\u00f3n de pr\u00e1cticas de persecuci\u00f3n pol\u00edtica.<\/p>\n\n\n\n<p>Destac\u00f3 que la posesi\u00f3n marca un hito en el proceso de transformaci\u00f3n del Estado y recuperaci\u00f3n de la institucionalidad.<\/p>\n\n\n\n<p>\u201cPara m\u00ed es una alegr\u00eda dar un paso m\u00e1s para instaurar un Estado al servicio de la gente, un Estado que respete las libertades y construya una sociedad para los bolivianos, no para un partido pol\u00edtico\u201d, afirm\u00f3.<\/p>\n\n\n\n<p>Remarc\u00f3 que en casi 20 d\u00edas de gesti\u00f3n ya se concretaron tres cambios simb\u00f3licos: la eliminaci\u00f3n del Ministerio de Justicia, el fin de las pr\u00f3rrogas judiciales del Tribunal Constitucional Plurinacional (TCP) y la reestructuraci\u00f3n de la Procuradur\u00eda General del Estado.<\/p>\n\n\n\n<p>\u201cTres s\u00edmbolos de la injusticia y de la persecuci\u00f3n hoy quedan atr\u00e1s\u201d, se\u00f1al\u00f3.<\/p>\n\n\n\n<p>Paz record\u00f3 que la Procuradur\u00eda tiene funciones esenciales como la representaci\u00f3n jur\u00eddica del Estado, el asesoramiento legal, la defensa judicial, la participaci\u00f3n social, la transparencia y la lucha contra la corrupci\u00f3n.<\/p>\n\n\n\n<p>Durante su discurso, el procurador Hugo C\u00e9sar Le\u00f3n afirm\u00f3 que su gesti\u00f3n estar\u00e1 enfocada en reinstitucionalizar el Estado y devolver a la Procuradur\u00eda su mandato constitucional.<\/p>\n\n\n\n<p>\u201cLa Procuradur\u00eda dejar\u00e1 de ser un instrumento de persecuci\u00f3n pol\u00edtica. Tenemos que volver al Estado de derecho y promover, defender y precautelar los intereses del Estado boliviano\u201d, manifest\u00f3.<\/p>\n\n\n\n<p>Le\u00f3n asegur\u00f3 que la entidad actuar\u00e1 bajo una pol\u00edtica de puertas abiertas y de cara al pueblo, atendiendo denuncias y reclamos de la ciudadan\u00eda y del control social, tal como establece la Constituci\u00f3n. Se\u00f1al\u00f3, adem\u00e1s, que el trabajo ser\u00e1 coordinado con los \u00f3rganos Ejecutivo, Legislativo y Judicial, as\u00ed como con el Ministerio P\u00fablico, la Contralor\u00eda General del Estado y el Viceministerio de Transparencia y Derechos Humanos.<\/p>\n\n\n\n<p>\u201cPondremos toda nuestra capacidad y esfuerzo para no defraudar la confianza depositada en este ciudadano y en la Procuradur\u00eda. Nuestro compromiso es con el pueblo boliviano\u201d, recalc\u00f3.<\/p>\n\n\n\n<p>La primera autoridad del Estado inform\u00f3 que la Procuradur\u00eda formar\u00e1 parte de la Comisi\u00f3n de la Verdad sobre Hidrocarburos, junto con instancias del sistema de justicia, y que en las pr\u00f3ximas horas se dar\u00e1 a conocer la composici\u00f3n completa de esta instancia.<\/p>\n\n\n\n<p>Finalmente, el mandatario reiter\u00f3 que el Gobierno trabaja para construir un Estado moderno, transparente y orientado a servir a la poblaci\u00f3n. \u201cEstamos haciendo los cambios que nos comprometimos: un Estado al servicio de la poblaci\u00f3n, y no la poblaci\u00f3n al servicio del Estado\u201d.<\/p>\n\n\n\n<p><\/p>\n","protected":false},"excerpt":{"rendered":"<p>Hugo C\u00e9sar Le\u00f3n es la nueva autoridad que afirm\u00f3 que su gesti\u00f3n estar\u00e1 enfocada en&#8230;<\/p>\n","protected":false},"author":1,"featured_media":12031,"comment_status":"closed","ping_status":"closed","sticky":false,"template":"","format":"standard","meta":{"fifu_image_url":"","fifu_image_alt":"","footnotes":""},"categories":[1],"tags":[],"class_list":["post-12030","post","type-post","status-publish","format-standard","has-post-thumbnail","hentry","category-sin-categoria"],"_links":{"self":[{"href":"https:\/\/eldiariovirtual.com\/index.php\/wp-json\/wp\/v2\/posts\/12030","targetHints":{"allow":["GET"]}}],"collection":[{"href":"https:\/\/eldiariovirtual.com\/index.php\/wp-json\/wp\/v2\/posts"}],"about":[{"href":"https:\/\/eldiariovirtual.com\/index.php\/wp-json\/wp\/v2\/types\/post"}],"author":[{"embeddable":true,"href":"https:\/\/eldiariovirtual.com\/index.php\/wp-json\/wp\/v2\/users\/1"}],"replies":[{"embeddable":true,"href":"https:\/\/eldiariovirtual.com\/index.php\/wp-json\/wp\/v2\/comments?post=12030"}],"version-history":[{"count":1,"href":"https:\/\/eldiariovirtual.com\/index.php\/wp-json\/wp\/v2\/posts\/12030\/revisions"}],"predecessor-version":[{"id":12032,"href":"https:\/\/eldiariovirtual.com\/index.php\/wp-json\/wp\/v2\/posts\/12030\/revisions\/12032"}],"wp:featuredmedia":[{"embeddable":true,"href":"https:\/\/eldiariovirtual.com\/index.php\/wp-json\/wp\/v2\/media\/12031"}],"wp:attachment":[{"href":"https:\/\/eldiariovirtual.com\/index.php\/wp-json\/wp\/v2\/media?parent=12030"}],"wp:term":[{"taxonomy":"category","embeddable":true,"href":"https:\/\/eldiariovirtual.com\/index.php\/wp-json\/wp\/v2\/categories?post=12030"},{"taxonomy":"post_tag","embeddable":true,"href":"https:\/\/eldiariovirtual.com\/index.php\/wp-json\/wp\/v2\/tags?post=12030"}],"curies":[{"name":"wp","href":"https:\/\/api.w.org\/{rel}","templated":true}]}}