{"id":12033,"date":"2025-11-26T00:04:56","date_gmt":"2025-11-26T04:04:56","guid":{"rendered":"https:\/\/eldiariovirtual.com\/?p=12033"},"modified":"2025-11-30T00:09:35","modified_gmt":"2025-11-30T04:09:35","slug":"transparencia-auditara-20-anos-de-recursos-estatales","status":"publish","type":"post","link":"https:\/\/eldiariovirtual.com\/index.php\/2025\/11\/26\/transparencia-auditara-20-anos-de-recursos-estatales\/","title":{"rendered":"Transparencia auditar\u00e1 20 a\u00f1os de recursos estatales"},"content":{"rendered":"\n<p><em>El nuevo viceministro de Transparencia, Yamil Garc\u00eda, anunci\u00f3 este martes la creaci\u00f3n de un comit\u00e9 interinstitucional para auditar la administraci\u00f3n de recursos estatales durante los \u00faltimos 20 a\u00f1os.<\/em><\/p>\n\n\n\n<figure class=\"wp-block-image size-full\"><img loading=\"lazy\" decoding=\"async\" width=\"980\" height=\"551\" src=\"https:\/\/eldiariovirtual.com\/wp-content\/uploads\/2025\/11\/28979534-1869-4dda-babc-b330c16427be.jpg\" alt=\"\" class=\"wp-image-12034\" srcset=\"https:\/\/eldiariovirtual.com\/wp-content\/uploads\/2025\/11\/28979534-1869-4dda-babc-b330c16427be.jpg 980w, https:\/\/eldiariovirtual.com\/wp-content\/uploads\/2025\/11\/28979534-1869-4dda-babc-b330c16427be-300x169.jpg 300w, https:\/\/eldiariovirtual.com\/wp-content\/uploads\/2025\/11\/28979534-1869-4dda-babc-b330c16427be-768x432.jpg 768w\" sizes=\"auto, (max-width: 980px) 100vw, 980px\" \/><\/figure>\n\n\n\n<p>El viceministro de Transparencia, Yamil Garc\u00eda.\u00a0<\/p>\n\n\n\n<p>El nuevo viceministro de Transparencia, Yamil Garc\u00eda, anunci\u00f3 este martes la creaci\u00f3n de un comit\u00e9 interinstitucional para auditar la administraci\u00f3n de recursos estatales durante los \u00faltimos 20 a\u00f1os. La iniciativa surge tras conocerse las pesquisas de la Oficina Europea de Lucha contra el Fraude (OLAF) sobre supuestos desv\u00edos en fondos de cooperaci\u00f3n.<\/p>\n\n\n\n<p>La autoridad explic\u00f3 que se recopilar\u00e1 informaci\u00f3n de todas las entidades p\u00fablicas para establecer el impacto real de los proyectos y diferenciar las obras entregadas de las inconclusas. El objetivo es identificar \u201cd\u00f3nde est\u00e1 el dinero\u201d y evaluar el desempe\u00f1o de las unidades de control pasadas.<\/p>\n\n\n\n<p>Sobre la denuncia contra el hijo del expresidente Luis Arce, Garc\u00eda garantiz\u00f3 un proceso sin injerencias, enfocado en \u201cinvestigar hechos, no personas\u201d. Asimismo, prometi\u00f3 respetar la independencia judicial.<\/p>\n","protected":false},"excerpt":{"rendered":"<p>El nuevo viceministro de Transparencia, Yamil Garc\u00eda, anunci\u00f3 este martes la creaci\u00f3n de un comit\u00e9&#8230;<\/p>\n","protected":false},"author":1,"featured_media":12034,"comment_status":"closed","ping_status":"closed","sticky":false,"template":"","format":"standard","meta":{"fifu_image_url":"","fifu_image_alt":"","footnotes":""},"categories":[1],"tags":[],"class_list":["post-12033","post","type-post","status-publish","format-standard","has-post-thumbnail","hentry","category-sin-categoria"],"_links":{"self":[{"href":"https:\/\/eldiariovirtual.com\/index.php\/wp-json\/wp\/v2\/posts\/12033","targetHints":{"allow":["GET"]}}],"collection":[{"href":"https:\/\/eldiariovirtual.com\/index.php\/wp-json\/wp\/v2\/posts"}],"about":[{"href":"https:\/\/eldiariovirtual.com\/index.php\/wp-json\/wp\/v2\/types\/post"}],"author":[{"embeddable":true,"href":"https:\/\/eldiariovirtual.com\/index.php\/wp-json\/wp\/v2\/users\/1"}],"replies":[{"embeddable":true,"href":"https:\/\/eldiariovirtual.com\/index.php\/wp-json\/wp\/v2\/comments?post=12033"}],"version-history":[{"count":1,"href":"https:\/\/eldiariovirtual.com\/index.php\/wp-json\/wp\/v2\/posts\/12033\/revisions"}],"predecessor-version":[{"id":12035,"href":"https:\/\/eldiariovirtual.com\/index.php\/wp-json\/wp\/v2\/posts\/12033\/revisions\/12035"}],"wp:featuredmedia":[{"embeddable":true,"href":"https:\/\/eldiariovirtual.com\/index.php\/wp-json\/wp\/v2\/media\/12034"}],"wp:attachment":[{"href":"https:\/\/eldiariovirtual.com\/index.php\/wp-json\/wp\/v2\/media?parent=12033"}],"wp:term":[{"taxonomy":"category","embeddable":true,"href":"https:\/\/eldiariovirtual.com\/index.php\/wp-json\/wp\/v2\/categories?post=12033"},{"taxonomy":"post_tag","embeddable":true,"href":"https:\/\/eldiariovirtual.com\/index.php\/wp-json\/wp\/v2\/tags?post=12033"}],"curies":[{"name":"wp","href":"https:\/\/api.w.org\/{rel}","templated":true}]}}