{"id":12036,"date":"2025-11-26T00:15:05","date_gmt":"2025-11-26T04:15:05","guid":{"rendered":"https:\/\/eldiariovirtual.com\/?p=12036"},"modified":"2025-11-30T00:19:43","modified_gmt":"2025-11-30T04:19:43","slug":"gobierno-anula-cuatro-impuestos-y-apunta-a-reducir-en-30-gasto-fiscal","status":"publish","type":"post","link":"https:\/\/eldiariovirtual.com\/index.php\/2025\/11\/26\/gobierno-anula-cuatro-impuestos-y-apunta-a-reducir-en-30-gasto-fiscal\/","title":{"rendered":"Gobierno anula cuatro impuestos y apunta a reducir en 30% gasto fiscal"},"content":{"rendered":"\n<p>El vicepresidente Edmand Lara afirm\u00f3 que est\u00e1 de acuerdo con estas decisiones econ\u00f3micas, pero exhort\u00f3 a que se complementen con la reducci\u00f3n del IVA y el \u201cperdonazo tributario\u201d.<\/p>\n\n\n\n<figure class=\"wp-block-image size-full\"><img loading=\"lazy\" decoding=\"async\" width=\"992\" height=\"558\" src=\"https:\/\/eldiariovirtual.com\/wp-content\/uploads\/2025\/11\/2025112523100030956.webp\" alt=\"\" class=\"wp-image-12037\" srcset=\"https:\/\/eldiariovirtual.com\/wp-content\/uploads\/2025\/11\/2025112523100030956.webp 992w, https:\/\/eldiariovirtual.com\/wp-content\/uploads\/2025\/11\/2025112523100030956-300x169.webp 300w, https:\/\/eldiariovirtual.com\/wp-content\/uploads\/2025\/11\/2025112523100030956-768x432.webp 768w\" sizes=\"auto, (max-width: 992px) 100vw, 992px\" \/><\/figure>\n\n\n\n<p>El presidente de Bolivia, Rodrigo Paz (i), y el ministro de Econom\u00eda, Gabriel Espinoza, en conferencia de prensa.<\/p>\n\n\n\n<p>Como parte de sus medidas econ\u00f3micas, el Gobierno anunci\u00f3 este martes que realizar\u00e1 los tr\u00e1mites legislativos con miras a reducir el gasto p\u00fablico en un 30%, adem\u00e1s de la abrogaci\u00f3n de cuatro impuestos que \u201ctienen poca recaudaci\u00f3n, pero desincentivan las inversiones\u201d.<\/p>\n\n\n\n<p>El ministro de Econom\u00eda, Gabriel Espinoza, inform\u00f3 que se solicitar\u00e1 a la C\u00e1mara de Diputados que devuelva al Gobierno la Ley del Presupuesto, que fue presentada por la anterior administraci\u00f3n, para que sea modificada, report\u00f3 ERBOL.<\/p>\n\n\n\n<p>\u201cVamos a incluir en la Ley del Presupuesto un art\u00edculo que nos permita la revisi\u00f3n del presupuesto hasta febrero de 2026, bajo una regla de reducci\u00f3n de gasto fiscal. Por lo menos vamos a reducir en 30% el gasto fiscal para 2026\u201d, indic\u00f3.<\/p>\n\n\n\n<p>Tras el anuncio de estas primeras medidas econ\u00f3micas por parte de Rodrigo Paz, el vicepresidente Edmand Lara, expres\u00f3 que est\u00e1 de acuerdo con las mismas, pero exhort\u00f3 a que se complementen con otras decisiones como la reducci\u00f3n del Impuesto al Valor Agregado (IVA), el Impuesto a las Utilidades de las Empresas, adem\u00e1s de establecer el \u201cperdonazo tributario\u201d que fue una promesa de campa\u00f1a.<\/p>\n\n\n\n<p>Lara dijo que eliminar el Impuesto a las Grandes Fortunas y de Transferencias Financieras fue propuesta suya. Adem\u00e1s, se\u00f1al\u00f3 que est\u00e1 de acuerdo con anular el Impuesto a las Promociones Empresariales porque era usado por la Autoridad de Juegos (AJ) para extorsionar a las empresas.<\/p>\n\n\n\n<p>Dijo que tambi\u00e9n al Gobierno \u201cle est\u00e1 faltando trabajar juntamente con la Vicepresidencia\u201d en una reforma tributaria que garantice la inversi\u00f3n.<\/p>\n\n\n\n<p>En otro tema, el ministro de Econom\u00eda, Gabriel Espinoza, asegur\u00f3 que el Gobierno cumplir\u00e1 con su promesa electoral de incrementar el monto por la Renta Dignidad.<\/p>\n\n\n\n<p><strong>IMPUESTOS<\/strong><\/p>\n\n\n\n<p>El ministro Espinoza anunci\u00f3 la abrogaci\u00f3n de cuatro impuestos: el Impuesto a las Grandes Fortunas, el Impuesto a las Transferencias Financieras, el Impuesto al Juego y el Impuesto a las Promociones Empresariales.<\/p>\n\n\n\n<p>\u201cEstos cuatro impuestos no representan m\u00e1s del 1% de la recaudaci\u00f3n fiscal, sin embargo, han generado una serie de contradicciones y problemas en el \u00e1mbito de negocios\u201d, justific\u00f3.<\/p>\n\n\n\n<p>Se\u00f1al\u00f3 que el Impuesto a las Grandes Fortunas ha representado una salida de capitales de Bolivia y un desincentivo muy fuerte a las inversiones extranjeras, pero su recaudaci\u00f3n ni siquiera alcanza a cubrir el costo administrativo.<\/p>\n\n\n\n<p>\u201cEl Impuesto a las Grandes Fortunas ahuyent\u00f3 m\u00e1s de 2.000 millones de d\u00f3lares, que se fueron a otros pa\u00edses como Paraguay\u201d, coment\u00f3 el presidente Rodrigo Paz.&nbsp;<\/p>\n\n\n\n<p><strong>REACCIONES<\/strong><\/p>\n\n\n\n<p>Mediante un pronunciamiento, la Confederaci\u00f3n de Empresarios Privados de Bolivia (CEPB) destac\u00f3 este martes las primeras medidas econ\u00f3micas anunciadas por el presidente Rodrigo Paz y el ministro de Econom\u00eda, Gabriel Espinoza.&nbsp; &nbsp; &nbsp; &nbsp;&nbsp;<\/p>\n\n\n\n<p>\u201cSaludamos las primeras medidas econ\u00f3micas decididas por el gobierno del Presidente Rodrigo Paz, referidas a la anulaci\u00f3n de cuatro impuestos regresivos e innecesarios, que mientras estuvieron vigentes afectaron la econom\u00eda y disminuyeron la inversi\u00f3n\u201d, se\u00f1ala el pronunciamiento.&nbsp; &nbsp;<\/p>\n\n\n\n<p>El empresario Samuel Doria Medina, por su parte, ponder\u00f3 el anuncio del Gobierno de abrogar impuestos, como parte de las primeras medidas econ\u00f3micas en la nueva gesti\u00f3n.<\/p>\n\n\n\n<p>En criterio de Samuel, estos impuestos \u201ceran insulsos y que ya no generaban ingresos\u201d.<\/p>\n\n\n\n<p>\u201cHe pagado siempre el impuesto a las grandes fortunas, pero me parec\u00eda que era contraproducente, porque impulsaba a potenciales inversionistas a irse del pa\u00eds\u201d, manifest\u00f3 Doria Medina mediante redes sociales.<\/p>\n\n\n\n<p>A su turno, el senador opositor Branko Marinkovic puntualiz\u00f3 que \u201creducir el gasto insulso y abusivo del poco dinero que tienen las arcas del Estado, es un primer paso para mejorar la econom\u00eda boliviana, que atraviesa una crisis profunda\u201d.<\/p>\n","protected":false},"excerpt":{"rendered":"<p>El vicepresidente Edmand Lara afirm\u00f3 que est\u00e1 de acuerdo con estas decisiones econ\u00f3micas, pero exhort\u00f3&#8230;<\/p>\n","protected":false},"author":1,"featured_media":12037,"comment_status":"closed","ping_status":"closed","sticky":false,"template":"","format":"standard","meta":{"fifu_image_url":"","fifu_image_alt":"","footnotes":""},"categories":[1],"tags":[],"class_list":["post-12036","post","type-post","status-publish","format-standard","has-post-thumbnail","hentry","category-sin-categoria"],"_links":{"self":[{"href":"https:\/\/eldiariovirtual.com\/index.php\/wp-json\/wp\/v2\/posts\/12036","targetHints":{"allow":["GET"]}}],"collection":[{"href":"https:\/\/eldiariovirtual.com\/index.php\/wp-json\/wp\/v2\/posts"}],"about":[{"href":"https:\/\/eldiariovirtual.com\/index.php\/wp-json\/wp\/v2\/types\/post"}],"author":[{"embeddable":true,"href":"https:\/\/eldiariovirtual.com\/index.php\/wp-json\/wp\/v2\/users\/1"}],"replies":[{"embeddable":true,"href":"https:\/\/eldiariovirtual.com\/index.php\/wp-json\/wp\/v2\/comments?post=12036"}],"version-history":[{"count":1,"href":"https:\/\/eldiariovirtual.com\/index.php\/wp-json\/wp\/v2\/posts\/12036\/revisions"}],"predecessor-version":[{"id":12038,"href":"https:\/\/eldiariovirtual.com\/index.php\/wp-json\/wp\/v2\/posts\/12036\/revisions\/12038"}],"wp:featuredmedia":[{"embeddable":true,"href":"https:\/\/eldiariovirtual.com\/index.php\/wp-json\/wp\/v2\/media\/12037"}],"wp:attachment":[{"href":"https:\/\/eldiariovirtual.com\/index.php\/wp-json\/wp\/v2\/media?parent=12036"}],"wp:term":[{"taxonomy":"category","embeddable":true,"href":"https:\/\/eldiariovirtual.com\/index.php\/wp-json\/wp\/v2\/categories?post=12036"},{"taxonomy":"post_tag","embeddable":true,"href":"https:\/\/eldiariovirtual.com\/index.php\/wp-json\/wp\/v2\/tags?post=12036"}],"curies":[{"name":"wp","href":"https:\/\/api.w.org\/{rel}","templated":true}]}}