{"id":12039,"date":"2025-11-25T00:23:30","date_gmt":"2025-11-25T04:23:30","guid":{"rendered":"https:\/\/eldiariovirtual.com\/?p=12039"},"modified":"2025-11-30T02:06:30","modified_gmt":"2025-11-30T06:06:30","slug":"lara-dice-que-falta-reducir-el-iva-impuesto-a-las-utilidades-y-el-perdonazo-tributario","status":"publish","type":"post","link":"https:\/\/eldiariovirtual.com\/index.php\/2025\/11\/25\/lara-dice-que-falta-reducir-el-iva-impuesto-a-las-utilidades-y-el-perdonazo-tributario\/","title":{"rendered":"Lara dice que falta reducir el IVA, Impuesto a las Utilidades y el \u2018perdonazo\u2019 tributario"},"content":{"rendered":"\n<p>Lara tambi\u00e9n pidi\u00f3 al Gobierno no olvidar&nbsp;el \u201cperdonazo tributario\u201d, puesto que fue una promesa directa del presidente Rodrigo Paz.<\/p>\n\n\n\n<figure class=\"wp-block-image size-full\"><img loading=\"lazy\" decoding=\"async\" width=\"992\" height=\"558\" src=\"https:\/\/eldiariovirtual.com\/wp-content\/uploads\/2025\/11\/2025111022243553907.webp\" alt=\"\" class=\"wp-image-12040\" srcset=\"https:\/\/eldiariovirtual.com\/wp-content\/uploads\/2025\/11\/2025111022243553907.webp 992w, https:\/\/eldiariovirtual.com\/wp-content\/uploads\/2025\/11\/2025111022243553907-300x169.webp 300w, https:\/\/eldiariovirtual.com\/wp-content\/uploads\/2025\/11\/2025111022243553907-768x432.webp 768w\" sizes=\"auto, (max-width: 992px) 100vw, 992px\" \/><\/figure>\n\n\n\n<p>El vicepresidente Edmand Lara estuvo en Potos<\/p>\n\n\n\n<p>El vicepresidente Edmand Lara expres\u00f3 que est\u00e1 de acuerdo con las medidas econ\u00f3micas anunciadas este martes por el Gobierno, pero exhort\u00f3 a que se complementen con otras decisiones como la reducci\u00f3n del Impuesto al Valor Agregado (IVA), el Impuesto a la Utilidades, adem\u00e1s de establecer el \u201cperdonazo tributario\u201d que fue una promesa de campa\u00f1a.<\/p>\n\n\n\n<p>El Gobierno anunci\u00f3 proyectos ley para eliminar el Impuesto a las Grandes Fortunas, el Impuesto a las Transferencias Financieras, el Impuesto al Juego y el Impuesto a las Promociones Empresariales.<\/p>\n\n\n\n<p>Lara dijo que eliminar el Impuestos a las Grandes Fortunas y de Transferencias Financieras fue propuesta suya. Adem\u00e1s, se\u00f1al\u00f3 que est\u00e1 de acuerdo con anular el Impuesto a las Promociones Empresariales porque era usado por la Autoridad de Juegos (AJ) para extorsionar a las empresas.<\/p>\n\n\n\n<h2 class=\"wp-block-heading\"><strong>IVA Y PERDONAZO TRIBUTARIO &nbsp;<\/strong><\/h2>\n\n\n\n<p>Sin embargo, expres\u00f3 que al Gobierno \u201cle ha faltado reducir el impuesto al IVA que tambi\u00e9n fue una promesa electoral. Le est\u00e1 faltando tambi\u00e9n reducir el Impuesto a las Utilidades que va a garantizar mayor inversi\u00f3n tanto nacional como internacional \u201c.<\/p>\n\n\n\n<p>Dijo que tambi\u00e9n al Gobierno \u201cle est\u00e1 faltando trabajar juntamente con la vicepresidencia\u201d en una reforma tributaria que garantice la inversi\u00f3n.<\/p>\n\n\n\n<p>Lara tambi\u00e9n pidi\u00f3 al Gobierno no olvidar&nbsp;el \u201cperdonazo tributario\u201d, puesto que fue una promesa directa del presidente Rodrigo Paz.<\/p>\n\n\n\n<p>\u201cEspero que no se olvide, porque la gente est\u00e1 muy atenta y ha tomado nota de todo lo que se ha prometido\u201d, recalc\u00f3 el segundo mandatario mediante su cuenta de TikTok.<\/p>\n","protected":false},"excerpt":{"rendered":"<p>Lara tambi\u00e9n pidi\u00f3 al Gobierno no olvidar&nbsp;el \u201cperdonazo tributario\u201d, puesto que fue una promesa directa&#8230;<\/p>\n","protected":false},"author":1,"featured_media":12040,"comment_status":"closed","ping_status":"closed","sticky":false,"template":"","format":"standard","meta":{"fifu_image_url":"","fifu_image_alt":"","footnotes":""},"categories":[1],"tags":[],"class_list":["post-12039","post","type-post","status-publish","format-standard","has-post-thumbnail","hentry","category-sin-categoria"],"_links":{"self":[{"href":"https:\/\/eldiariovirtual.com\/index.php\/wp-json\/wp\/v2\/posts\/12039","targetHints":{"allow":["GET"]}}],"collection":[{"href":"https:\/\/eldiariovirtual.com\/index.php\/wp-json\/wp\/v2\/posts"}],"about":[{"href":"https:\/\/eldiariovirtual.com\/index.php\/wp-json\/wp\/v2\/types\/post"}],"author":[{"embeddable":true,"href":"https:\/\/eldiariovirtual.com\/index.php\/wp-json\/wp\/v2\/users\/1"}],"replies":[{"embeddable":true,"href":"https:\/\/eldiariovirtual.com\/index.php\/wp-json\/wp\/v2\/comments?post=12039"}],"version-history":[{"count":1,"href":"https:\/\/eldiariovirtual.com\/index.php\/wp-json\/wp\/v2\/posts\/12039\/revisions"}],"predecessor-version":[{"id":12041,"href":"https:\/\/eldiariovirtual.com\/index.php\/wp-json\/wp\/v2\/posts\/12039\/revisions\/12041"}],"wp:featuredmedia":[{"embeddable":true,"href":"https:\/\/eldiariovirtual.com\/index.php\/wp-json\/wp\/v2\/media\/12040"}],"wp:attachment":[{"href":"https:\/\/eldiariovirtual.com\/index.php\/wp-json\/wp\/v2\/media?parent=12039"}],"wp:term":[{"taxonomy":"category","embeddable":true,"href":"https:\/\/eldiariovirtual.com\/index.php\/wp-json\/wp\/v2\/categories?post=12039"},{"taxonomy":"post_tag","embeddable":true,"href":"https:\/\/eldiariovirtual.com\/index.php\/wp-json\/wp\/v2\/tags?post=12039"}],"curies":[{"name":"wp","href":"https:\/\/api.w.org\/{rel}","templated":true}]}}