{"id":12046,"date":"2025-11-29T02:17:10","date_gmt":"2025-11-29T06:17:10","guid":{"rendered":"https:\/\/eldiariovirtual.com\/?p=12046"},"modified":"2025-11-30T02:20:42","modified_gmt":"2025-11-30T06:20:42","slug":"congelan-cuentas-y-ordenan-la-aprehension-de-exgerente-de-emapa-tras-ser-declarado-rebelde","status":"publish","type":"post","link":"https:\/\/eldiariovirtual.com\/index.php\/2025\/11\/29\/congelan-cuentas-y-ordenan-la-aprehension-de-exgerente-de-emapa-tras-ser-declarado-rebelde\/","title":{"rendered":"Congelan cuentas y ordenan la aprehensi\u00f3n de exgerente de Emapa tras ser declarado rebelde"},"content":{"rendered":"\n<p>En la resoluci\u00f3n, emitida por el Juzgado 11vo Penal Anticorrupci\u00f3n en Contra de la Violencia hacia las Mujeres de la ciudad de La Paz, se dispuso adem\u00e1s el congelamiento de sus cuentas bancarias, arraigo y la aprehensi\u00f3n del exejecutivo de la empresa estatal.<\/p>\n\n\n\n<figure class=\"wp-block-image size-full\"><img loading=\"lazy\" decoding=\"async\" width=\"992\" height=\"558\" src=\"https:\/\/eldiariovirtual.com\/wp-content\/uploads\/2025\/11\/2025100221303456463.webp\" alt=\"\" class=\"wp-image-12047\" srcset=\"https:\/\/eldiariovirtual.com\/wp-content\/uploads\/2025\/11\/2025100221303456463.webp 992w, https:\/\/eldiariovirtual.com\/wp-content\/uploads\/2025\/11\/2025100221303456463-300x169.webp 300w, https:\/\/eldiariovirtual.com\/wp-content\/uploads\/2025\/11\/2025100221303456463-768x432.webp 768w\" sizes=\"auto, (max-width: 992px) 100vw, 992px\" \/><\/figure>\n\n\n\n<p>El exgerente de Emapa Franklin Flores es uno de los investigados.\/<\/p>\n\n\n\n<p>El exgerente de la Empresa de Apoyo a la Producci\u00f3n de Alimentos (Emapa), Franklin Flores, fue declarado este viernes en rebeld\u00eda debido a que no se present\u00f3 a su audiencia de revocatoria de medidas cautelares.<\/p>\n\n\n\n<p>En la resoluci\u00f3n, emitida por el Juzgado 11vo Penal Anticorrupci\u00f3n en Contra de la Violencia hacia las Mujeres de la ciudad de La Paz, se dispuso adem\u00e1s el congelamiento de sus cuentas bancarias, arraigo y la aprehensi\u00f3n del exejecutivo de la empresa estatal.<\/p>\n\n\n\n<p>El juez Hugo Huacani afirm\u00f3 que Flores no se hizo presente en la audiencia se\u00f1alada en forma virtual de este viernes ni tampoco present\u00f3 documentaci\u00f3n alguna para justificar su inasistencia.<\/p>\n\n\n\n<p>\u201cLa presente resoluci\u00f3n debe ser notificada a la parte imputada, declarado rebelde, mediante la publicaci\u00f3n edictos judiciales conforme lo determina el art\u00edculo 89 del C\u00f3digo de Procedimiento\u201d, afirm\u00f3 la autoridad jurisdiccional.<\/p>\n\n\n\n<p>Una vez efectuada la notificaci\u00f3n, Huacani inform\u00f3 sobre el mandamiento de arraigo y de aprehensi\u00f3n con \u201chabilitaci\u00f3n de horas y d\u00edas extraordinarias\u201d en contra de Flores para que sea conducido a la audiencia de revocatoria de medidas cautelares personales.<\/p>\n\n\n\n<p>El exgerente de Emapa&nbsp; &nbsp; no fue encontrado desde el mi\u00e9rcoles en su domicilio, lo que motiv\u00f3 para que la Polic\u00eda active su b\u00fasqueda sin tener resultado hasta el momento sobre su paradero.&nbsp;<\/p>\n\n\n\n<p>Desde el 2 de octubre, Flores se encontraba con detenci\u00f3n domiciliaria dentro del proceso de construcci\u00f3n irregular de la Planta de Transformaci\u00f3n, Centro de Acopio y Almacenamiento de Papa en 2022.<\/p>\n\n\n\n<p><\/p>\n","protected":false},"excerpt":{"rendered":"<p>En la resoluci\u00f3n, emitida por el Juzgado 11vo Penal Anticorrupci\u00f3n en Contra de la Violencia&#8230;<\/p>\n","protected":false},"author":1,"featured_media":12047,"comment_status":"closed","ping_status":"closed","sticky":false,"template":"","format":"standard","meta":{"fifu_image_url":"","fifu_image_alt":"","footnotes":""},"categories":[1],"tags":[],"class_list":["post-12046","post","type-post","status-publish","format-standard","has-post-thumbnail","hentry","category-sin-categoria"],"_links":{"self":[{"href":"https:\/\/eldiariovirtual.com\/index.php\/wp-json\/wp\/v2\/posts\/12046","targetHints":{"allow":["GET"]}}],"collection":[{"href":"https:\/\/eldiariovirtual.com\/index.php\/wp-json\/wp\/v2\/posts"}],"about":[{"href":"https:\/\/eldiariovirtual.com\/index.php\/wp-json\/wp\/v2\/types\/post"}],"author":[{"embeddable":true,"href":"https:\/\/eldiariovirtual.com\/index.php\/wp-json\/wp\/v2\/users\/1"}],"replies":[{"embeddable":true,"href":"https:\/\/eldiariovirtual.com\/index.php\/wp-json\/wp\/v2\/comments?post=12046"}],"version-history":[{"count":1,"href":"https:\/\/eldiariovirtual.com\/index.php\/wp-json\/wp\/v2\/posts\/12046\/revisions"}],"predecessor-version":[{"id":12048,"href":"https:\/\/eldiariovirtual.com\/index.php\/wp-json\/wp\/v2\/posts\/12046\/revisions\/12048"}],"wp:featuredmedia":[{"embeddable":true,"href":"https:\/\/eldiariovirtual.com\/index.php\/wp-json\/wp\/v2\/media\/12047"}],"wp:attachment":[{"href":"https:\/\/eldiariovirtual.com\/index.php\/wp-json\/wp\/v2\/media?parent=12046"}],"wp:term":[{"taxonomy":"category","embeddable":true,"href":"https:\/\/eldiariovirtual.com\/index.php\/wp-json\/wp\/v2\/categories?post=12046"},{"taxonomy":"post_tag","embeddable":true,"href":"https:\/\/eldiariovirtual.com\/index.php\/wp-json\/wp\/v2\/tags?post=12046"}],"curies":[{"name":"wp","href":"https:\/\/api.w.org\/{rel}","templated":true}]}}