{"id":12061,"date":"2025-12-06T20:45:44","date_gmt":"2025-12-07T00:45:44","guid":{"rendered":"https:\/\/eldiariovirtual.com\/?p=12061"},"modified":"2025-12-07T20:55:22","modified_gmt":"2025-12-08T00:55:22","slug":"transporte-pesado-anuncia-proceso-penal-contra-exministro-montano","status":"publish","type":"post","link":"https:\/\/eldiariovirtual.com\/index.php\/2025\/12\/06\/transporte-pesado-anuncia-proceso-penal-contra-exministro-montano\/","title":{"rendered":"Transporte pesado anuncia proceso penal contra exministro Monta\u00f1o"},"content":{"rendered":"\n<p>El sector tambi\u00e9n demand\u00f3 a las nuevas autoridades gubernamentales la activaci\u00f3n de auditor\u00edas en todas las entidades vinculadas al mantenimiento vial.<\/p>\n\n\n\n<figure class=\"wp-block-image size-full\"><img loading=\"lazy\" decoding=\"async\" width=\"992\" height=\"558\" src=\"https:\/\/eldiariovirtual.com\/wp-content\/uploads\/2025\/12\/2025031217381062612.webp\" alt=\"\" class=\"wp-image-12062\" srcset=\"https:\/\/eldiariovirtual.com\/wp-content\/uploads\/2025\/12\/2025031217381062612.webp 992w, https:\/\/eldiariovirtual.com\/wp-content\/uploads\/2025\/12\/2025031217381062612-300x169.webp 300w, https:\/\/eldiariovirtual.com\/wp-content\/uploads\/2025\/12\/2025031217381062612-768x432.webp 768w\" sizes=\"auto, (max-width: 992px) 100vw, 992px\" \/><\/figure>\n\n\n\n<p>El exministro de \u00d3bras P\u00fablicas, Edgar Monta\u00f1o. <\/p>\n\n\n\n<p>El sector del transporte pesado inform\u00f3 que iniciar\u00e1 un proceso penal contra el exministro de Obras P\u00fablicas, \u00c9dgar Monta\u00f1o, a quien responsabilizan por el mal estado de la Red Vial Fundamental y por el manejo de los recursos recaudados a trav\u00e9s de los peajes.<\/p>\n\n\n\n<p>El dirigente Hugo Domingo Ramos explic\u00f3 que el deterioro de las carreteras se agrav\u00f3 con la temporada de lluvias, situaci\u00f3n que, seg\u00fan afirm\u00f3,&nbsp;evidencia una falta de mantenimiento adecuado. \u201cLas carreteras est\u00e1n mal por la \u00e9poca de lluvias. Nosotros vamos a presentar un proceso contra el exministro Monta\u00f1o para que pueda responder sobre el manejo econ\u00f3mico que nosotros hemos aportado en los peajes\u201d, sostuvo.<\/p>\n\n\n\n<p>El sector tambi\u00e9n demand\u00f3 a las nuevas autoridades gubernamentales la activaci\u00f3n de auditor\u00edas en todas las entidades vinculadas al mantenimiento vial. \u201cPedimos auditor\u00eda al Ministerio de Obras P\u00fablicas, Viceministerio de Transportes, ABC y V\u00edas Bolivia. Pedimos normas que nos favorezcan\u201d, a\u00f1adi\u00f3 Ramos.<\/p>\n\n\n\n<p>Los transportistas advirtieron que continuar\u00e1n con las gestiones legales y administrativas necesarias para esclarecer el uso de los recursos destinados a la conservaci\u00f3n de las carreteras y exigir mejoras inmediatas en la infraestructura vial del pa\u00eds.<\/p>\n","protected":false},"excerpt":{"rendered":"<p>El sector tambi\u00e9n demand\u00f3 a las nuevas autoridades gubernamentales la activaci\u00f3n de auditor\u00edas en todas&#8230;<\/p>\n","protected":false},"author":1,"featured_media":12062,"comment_status":"closed","ping_status":"closed","sticky":false,"template":"","format":"standard","meta":{"fifu_image_url":"","fifu_image_alt":"","footnotes":""},"categories":[1],"tags":[],"class_list":["post-12061","post","type-post","status-publish","format-standard","has-post-thumbnail","hentry","category-sin-categoria"],"_links":{"self":[{"href":"https:\/\/eldiariovirtual.com\/index.php\/wp-json\/wp\/v2\/posts\/12061","targetHints":{"allow":["GET"]}}],"collection":[{"href":"https:\/\/eldiariovirtual.com\/index.php\/wp-json\/wp\/v2\/posts"}],"about":[{"href":"https:\/\/eldiariovirtual.com\/index.php\/wp-json\/wp\/v2\/types\/post"}],"author":[{"embeddable":true,"href":"https:\/\/eldiariovirtual.com\/index.php\/wp-json\/wp\/v2\/users\/1"}],"replies":[{"embeddable":true,"href":"https:\/\/eldiariovirtual.com\/index.php\/wp-json\/wp\/v2\/comments?post=12061"}],"version-history":[{"count":2,"href":"https:\/\/eldiariovirtual.com\/index.php\/wp-json\/wp\/v2\/posts\/12061\/revisions"}],"predecessor-version":[{"id":12070,"href":"https:\/\/eldiariovirtual.com\/index.php\/wp-json\/wp\/v2\/posts\/12061\/revisions\/12070"}],"wp:featuredmedia":[{"embeddable":true,"href":"https:\/\/eldiariovirtual.com\/index.php\/wp-json\/wp\/v2\/media\/12062"}],"wp:attachment":[{"href":"https:\/\/eldiariovirtual.com\/index.php\/wp-json\/wp\/v2\/media?parent=12061"}],"wp:term":[{"taxonomy":"category","embeddable":true,"href":"https:\/\/eldiariovirtual.com\/index.php\/wp-json\/wp\/v2\/categories?post=12061"},{"taxonomy":"post_tag","embeddable":true,"href":"https:\/\/eldiariovirtual.com\/index.php\/wp-json\/wp\/v2\/tags?post=12061"}],"curies":[{"name":"wp","href":"https:\/\/api.w.org\/{rel}","templated":true}]}}