{"id":12067,"date":"2025-12-06T20:51:31","date_gmt":"2025-12-07T00:51:31","guid":{"rendered":"https:\/\/eldiariovirtual.com\/?p=12067"},"modified":"2025-12-07T20:54:27","modified_gmt":"2025-12-08T00:54:27","slug":"justicia-determina-cuatro-meses-de-detencion-preventiva-para-lidia-patty-en-penal-de-obrajes","status":"publish","type":"post","link":"https:\/\/eldiariovirtual.com\/index.php\/2025\/12\/06\/justicia-determina-cuatro-meses-de-detencion-preventiva-para-lidia-patty-en-penal-de-obrajes\/","title":{"rendered":"Justicia determina cuatro meses de detenci\u00f3n preventiva para Lidia Patty en penal de Obrajes"},"content":{"rendered":"\n<p>La Fiscal\u00eda abri\u00f3 otro investigaci\u00f3n por presuntas irregularidades en un proyecto ap\u00edcola<\/p>\n\n\n\n<figure class=\"wp-block-image size-full\"><img loading=\"lazy\" decoding=\"async\" width=\"992\" height=\"558\" src=\"https:\/\/eldiariovirtual.com\/wp-content\/uploads\/2025\/12\/2023061323175448173.webp\" alt=\"\" class=\"wp-image-12068\" srcset=\"https:\/\/eldiariovirtual.com\/wp-content\/uploads\/2025\/12\/2023061323175448173.webp 992w, https:\/\/eldiariovirtual.com\/wp-content\/uploads\/2025\/12\/2023061323175448173-300x169.webp 300w, https:\/\/eldiariovirtual.com\/wp-content\/uploads\/2025\/12\/2023061323175448173-768x432.webp 768w\" sizes=\"auto, (max-width: 992px) 100vw, 992px\" \/><\/figure>\n\n\n\n<p>La exdiputada Lidia Patty Mullisaca.<\/p>\n\n\n\n<p>La justicia ha ordenado&nbsp;cuatro meses de detenci\u00f3n preventiva en el penal de Obrajes&nbsp;de la ciudad de La Paz para la exdiputada del Movimiento Al Socialismo, Lidia Patty.&nbsp;<\/p>\n\n\n\n<p>La determinaci\u00f3n surge luego de la negaci\u00f3n de la segunda acci\u00f3n de libertad que solicit\u00f3&nbsp;la defensa de Patty&nbsp;la tarde de este s\u00e1bado, 6 de diciembre, al ser rechazada&nbsp;la acusada sali\u00f3 de la Fiscal\u00eda para regresar a las celdas de la FELCC donde se realiz\u00f3 la audiencia de medidas cautelares de manera virtual.<\/p>\n\n\n\n<p>La primera acci\u00f3n de libertad se present\u00f3 la tarde del viernes tras ser aprehendida cuando se dirig\u00eda a declarar al Ministerio Publico. Fue rechazada.&nbsp;<\/p>\n\n\n\n<p>La audiencia dur\u00f3 al menos tres horas. Patty es investigada por presuntamente haber recibido en su cuenta personal 700.000 bolivianos de&nbsp;un proyecto para la producci\u00f3n de&nbsp;tomate y papa.&nbsp;<\/p>\n\n\n\n<p><\/p>\n","protected":false},"excerpt":{"rendered":"<p>La Fiscal\u00eda abri\u00f3 otro investigaci\u00f3n por presuntas irregularidades en un proyecto ap\u00edcola La exdiputada Lidia&#8230;<\/p>\n","protected":false},"author":1,"featured_media":12068,"comment_status":"closed","ping_status":"closed","sticky":false,"template":"","format":"standard","meta":{"fifu_image_url":"","fifu_image_alt":"","footnotes":""},"categories":[1],"tags":[],"class_list":["post-12067","post","type-post","status-publish","format-standard","has-post-thumbnail","hentry","category-sin-categoria"],"_links":{"self":[{"href":"https:\/\/eldiariovirtual.com\/index.php\/wp-json\/wp\/v2\/posts\/12067","targetHints":{"allow":["GET"]}}],"collection":[{"href":"https:\/\/eldiariovirtual.com\/index.php\/wp-json\/wp\/v2\/posts"}],"about":[{"href":"https:\/\/eldiariovirtual.com\/index.php\/wp-json\/wp\/v2\/types\/post"}],"author":[{"embeddable":true,"href":"https:\/\/eldiariovirtual.com\/index.php\/wp-json\/wp\/v2\/users\/1"}],"replies":[{"embeddable":true,"href":"https:\/\/eldiariovirtual.com\/index.php\/wp-json\/wp\/v2\/comments?post=12067"}],"version-history":[{"count":1,"href":"https:\/\/eldiariovirtual.com\/index.php\/wp-json\/wp\/v2\/posts\/12067\/revisions"}],"predecessor-version":[{"id":12069,"href":"https:\/\/eldiariovirtual.com\/index.php\/wp-json\/wp\/v2\/posts\/12067\/revisions\/12069"}],"wp:featuredmedia":[{"embeddable":true,"href":"https:\/\/eldiariovirtual.com\/index.php\/wp-json\/wp\/v2\/media\/12068"}],"wp:attachment":[{"href":"https:\/\/eldiariovirtual.com\/index.php\/wp-json\/wp\/v2\/media?parent=12067"}],"wp:term":[{"taxonomy":"category","embeddable":true,"href":"https:\/\/eldiariovirtual.com\/index.php\/wp-json\/wp\/v2\/categories?post=12067"},{"taxonomy":"post_tag","embeddable":true,"href":"https:\/\/eldiariovirtual.com\/index.php\/wp-json\/wp\/v2\/tags?post=12067"}],"curies":[{"name":"wp","href":"https:\/\/api.w.org\/{rel}","templated":true}]}}