{"id":12106,"date":"2025-12-07T23:11:04","date_gmt":"2025-12-08T03:11:04","guid":{"rendered":"https:\/\/eldiariovirtual.com\/?p=12106"},"modified":"2025-12-08T23:37:20","modified_gmt":"2025-12-09T03:37:20","slug":"reivindican-la-memoria-de-aramayo-y-exigen-que-su-muerte-no-quede-impune-en-el-caso-exfondioc","status":"publish","type":"post","link":"https:\/\/eldiariovirtual.com\/index.php\/2025\/12\/07\/reivindican-la-memoria-de-aramayo-y-exigen-que-su-muerte-no-quede-impune-en-el-caso-exfondioc\/","title":{"rendered":"Reivindican la memoria de Aramayo y exigen que su muerte no quede impune en el caso exFondioc"},"content":{"rendered":"\n<p>En 2016, Aramayo denunci\u00f3 que la entonces ministra de Desarrollo Rural, Nemesia Achacollo, autoriz\u00f3 el desembolso de 575 millones de bolivianos en 2014, en pleno a\u00f1o electoral, pese a que el Fondo Ind\u00edgena se encontraba en quiebra t\u00e9cnica.<\/p>\n\n\n\n<figure class=\"wp-block-image size-full\"><img loading=\"lazy\" decoding=\"async\" width=\"992\" height=\"558\" src=\"https:\/\/eldiariovirtual.com\/wp-content\/uploads\/2025\/12\/2022042522310470334.webp\" alt=\"\" class=\"wp-image-12107\" srcset=\"https:\/\/eldiariovirtual.com\/wp-content\/uploads\/2025\/12\/2022042522310470334.webp 992w, https:\/\/eldiariovirtual.com\/wp-content\/uploads\/2025\/12\/2022042522310470334-300x169.webp 300w, https:\/\/eldiariovirtual.com\/wp-content\/uploads\/2025\/12\/2022042522310470334-768x432.webp 768w\" sizes=\"auto, (max-width: 992px) 100vw, 992px\" \/><\/figure>\n\n\n\n<p>Marco Antonio Aramayo, en una foto de archivo<\/p>\n\n\n\n<p>El activista Manuel Morales y el abogado H\u00e9ctor Castell\u00f3n pidieron reivindicar la memoria de Marco Antonio Aramayo, exdirector del Fondo Ind\u00edgena, quien falleci\u00f3 el 18 de abril de 2022 mientras permanec\u00eda privado de libertad, luego de denunciar un millonario desfalco en esa entidad estatal. El pedido fue expresado en el programa&nbsp;<em>Hagamos Democracia<\/em>, de la red Erbol, donde ambos lamentaron que su caso haya quedado en el olvido por casi tres a\u00f1os.<\/p>\n\n\n\n<p>Aramayo pas\u00f3 siete a\u00f1os en prisi\u00f3n y lleg\u00f3 a enfrentar 256 procesos judiciales iniciados durante los gobiernos del Movimiento Al Socialismo (MAS). Su estado de salud se deterior\u00f3 gravemente en los \u00faltimos meses de vida y finalmente muri\u00f3 a causa de un paro cardiorrespiratorio en la unidad de terapia intensiva del hospital Cotahuma, en la ciudad de La Paz.<\/p>\n\n\n\n<p>Castell\u00f3n expres\u00f3 su indignaci\u00f3n por lo ocurrido: \u201cDuele en el alma la muerte de Marco Aramayo\u2026 No podemos olvidarnos de este tema. El momento en que permitamos que el Fondo Ind\u00edgena caiga en saco roto, vamos a fracasar como sociedad\u201d.<\/p>\n\n\n\n<p>Se\u00f1al\u00f3 adem\u00e1s que \u201ccualquiera puede convertirse en Marco Antonio\u201d y denunci\u00f3 que la persecuci\u00f3n judicial en su contra fue producto de una \u201cmaldad ejercida por el Ministerio P\u00fablico y el Poder Judicial\u201d.<\/p>\n\n\n\n<p>Pese a ello, sostuvo que a\u00fan existen operadores de justicia probos y los exhort\u00f3 a \u201clevantar la voz\u201d para que este caso no quede impune y se le devuelva a Aramayo, al menos, \u201cla vida en sus ideales, la vida en su integridad, la vida en su moralidad\u201d.<\/p>\n\n\n\n<p>El caso volvi\u00f3 a colocarse en la agenda p\u00fablica tras la reciente aprehensi\u00f3n de la exdiputada del MAS, Lidia Patty, investigada por delitos vinculados al mismo desfalco denunciado por Aramayo. Morales record\u00f3 que, pese a ser quien revel\u00f3 las irregularidades, el exdirector del Fondioc \u201ctermin\u00f3 siendo el \u00fanico en prisi\u00f3n\u201d por este caso.<\/p>\n\n\n\n<p>En 2016, Aramayo denunci\u00f3 que la entonces ministra de Desarrollo Rural, Nemesia Achacollo, autoriz\u00f3 el desembolso de 575 millones de bolivianos en 2014, en pleno a\u00f1o electoral, pese a que el Fondo Ind\u00edgena se encontraba en quiebra t\u00e9cnica.<\/p>\n\n\n\n<p>Tras dejar la direcci\u00f3n de la instituci\u00f3n, en febrero de 2015, ya afrontaba m\u00e1s de 120 denuncias por presuntos delitos como incumplimiento de deberes, conducta antiecon\u00f3mica y contratos lesivos al Estado.<\/p>\n\n\n\n<p>Morales, integrante del Comit\u00e9 Nacional de Defensa de la Democracia y los Derechos Humanos (Conade), respald\u00f3 la iniciativa de rendirle un homenaje p\u00f3stumo y afirm\u00f3 que se debe \u201creivindicar al se\u00f1or Aramayo como persona v\u00edctima de toda esta situaci\u00f3n\u201d, as\u00ed como a los pueblos ind\u00edgenas que \u2014seg\u00fan indic\u00f3\u2014 fueron estafados con proyectos que nunca se concretaron, pese a que eran presentados como conquistas sociales.<\/p>\n\n\n\n<p>La muerte de Marco Antonio Aramayo gener\u00f3 indignaci\u00f3n en distintos sectores de la sociedad, que consideran que sufri\u00f3 un trato inhumano durante los gobiernos de Evo Morales y Luis Arce. Este \u00faltimo tambi\u00e9n ha sido mencionado en los pedidos de investigaci\u00f3n, debido a que form\u00f3 parte del directorio que autoriz\u00f3 los desembolsos que finalmente derivaron en el desfalco del exFondioc.<\/p>\n","protected":false},"excerpt":{"rendered":"<p>En 2016, Aramayo denunci\u00f3 que la entonces ministra de Desarrollo Rural, Nemesia Achacollo, autoriz\u00f3 el&#8230;<\/p>\n","protected":false},"author":1,"featured_media":12108,"comment_status":"closed","ping_status":"closed","sticky":false,"template":"","format":"standard","meta":{"fifu_image_url":"","fifu_image_alt":"","footnotes":""},"categories":[1],"tags":[],"class_list":["post-12106","post","type-post","status-publish","format-standard","has-post-thumbnail","hentry","category-sin-categoria"],"_links":{"self":[{"href":"https:\/\/eldiariovirtual.com\/index.php\/wp-json\/wp\/v2\/posts\/12106","targetHints":{"allow":["GET"]}}],"collection":[{"href":"https:\/\/eldiariovirtual.com\/index.php\/wp-json\/wp\/v2\/posts"}],"about":[{"href":"https:\/\/eldiariovirtual.com\/index.php\/wp-json\/wp\/v2\/types\/post"}],"author":[{"embeddable":true,"href":"https:\/\/eldiariovirtual.com\/index.php\/wp-json\/wp\/v2\/users\/1"}],"replies":[{"embeddable":true,"href":"https:\/\/eldiariovirtual.com\/index.php\/wp-json\/wp\/v2\/comments?post=12106"}],"version-history":[{"count":1,"href":"https:\/\/eldiariovirtual.com\/index.php\/wp-json\/wp\/v2\/posts\/12106\/revisions"}],"predecessor-version":[{"id":12109,"href":"https:\/\/eldiariovirtual.com\/index.php\/wp-json\/wp\/v2\/posts\/12106\/revisions\/12109"}],"wp:featuredmedia":[{"embeddable":true,"href":"https:\/\/eldiariovirtual.com\/index.php\/wp-json\/wp\/v2\/media\/12108"}],"wp:attachment":[{"href":"https:\/\/eldiariovirtual.com\/index.php\/wp-json\/wp\/v2\/media?parent=12106"}],"wp:term":[{"taxonomy":"category","embeddable":true,"href":"https:\/\/eldiariovirtual.com\/index.php\/wp-json\/wp\/v2\/categories?post=12106"},{"taxonomy":"post_tag","embeddable":true,"href":"https:\/\/eldiariovirtual.com\/index.php\/wp-json\/wp\/v2\/tags?post=12106"}],"curies":[{"name":"wp","href":"https:\/\/api.w.org\/{rel}","templated":true}]}}