{"id":12117,"date":"2025-12-08T00:06:03","date_gmt":"2025-12-08T04:06:03","guid":{"rendered":"https:\/\/eldiariovirtual.com\/?p=12117"},"modified":"2025-12-09T00:15:07","modified_gmt":"2025-12-09T04:15:07","slug":"lara-y-su-bancada-cuestionan-creditos-y-demandan-explicaciones-para-aprobar","status":"publish","type":"post","link":"https:\/\/eldiariovirtual.com\/index.php\/2025\/12\/08\/lara-y-su-bancada-cuestionan-creditos-y-demandan-explicaciones-para-aprobar\/","title":{"rendered":"Lara y su bancada cuestionan cr\u00e9ditos y demandan explicaciones para aprobar"},"content":{"rendered":"\n<p>El cr\u00e9dito de 500 millones de d\u00f3lares fue convenido por el Gobierno de Rodrigo Paz con la CAF, dentro de un paquete de 3.100 millones de d\u00f3lares en cinco a\u00f1os.\u00a0<\/p>\n\n\n\n<figure class=\"wp-block-image size-full\"><img loading=\"lazy\" decoding=\"async\" width=\"992\" height=\"558\" src=\"https:\/\/eldiariovirtual.com\/wp-content\/uploads\/2025\/12\/2025120700134983302.webp\" alt=\"\" class=\"wp-image-12118\" srcset=\"https:\/\/eldiariovirtual.com\/wp-content\/uploads\/2025\/12\/2025120700134983302.webp 992w, https:\/\/eldiariovirtual.com\/wp-content\/uploads\/2025\/12\/2025120700134983302-300x169.webp 300w, https:\/\/eldiariovirtual.com\/wp-content\/uploads\/2025\/12\/2025120700134983302-768x432.webp 768w\" sizes=\"auto, (max-width: 992px) 100vw, 992px\" \/><\/figure>\n\n\n\n<p>El vicepresidente Edmand Lara<\/p>\n\n\n\n<p>El vicepresidente Edmand Lara, junto a parlamentarios afines, expres\u00f3 este lunes su preocupaci\u00f3n y cuestionamiento sobre tres cr\u00e9ditos que estar\u00edan en tr\u00e1mite en la Asamblea Legislativa, en particular uno de 500 millones de d\u00f3lares de libre disponibilidad.<\/p>\n\n\n\n<p>Lara aclar\u00f3 que no est\u00e1 rechazando los cr\u00e9ditos, sino justific\u00f3 que la funci\u00f3n del Legislativa es fiscalizar, cuestionar y preguntar.<\/p>\n\n\n\n<p>Demand\u00f3 que el Ministro de Econom\u00eda brinde explicaciones sobre estos cr\u00e9ditos, en particular del que tiene libre disponibilidad. De lo contrario se rechazar\u00e1.&nbsp;<\/p>\n\n\n\n<p>\u201cCr\u00e9ditos que tienen una finalidad una explicaci\u00f3n t\u00e9cnica, un destino adecuado vamos a aprobar y vamos a apoyar. Mientras el ministro de Econom\u00eda no explique cu\u00e1l va a ser el destino de ese cr\u00e9dito de libre disposici\u00f3n, nosotros no vamos a permitir que se apruebe\u201d, advirti\u00f3.<\/p>\n\n\n\n<h2 class=\"wp-block-heading\"><strong>CR\u00c9DITO CAF<\/strong><\/h2>\n\n\n\n<p>El cr\u00e9dito de 500 millones de d\u00f3lares fue convenido por el Gobierno de Rodrigo Paz con la CAF, dentro de un paquete de 3.100 millones de d\u00f3lares en cinco a\u00f1os. El objetivo de este financiamiento es ayudar al Gobierno a cumplir sus obligaciones financieras, en el contexto de la escasez de d\u00f3lares.<\/p>\n\n\n\n<p>El vicepresidente Lara demand\u00f3 conocer la capacidad de endeudamiento del pa\u00eds. \u201cNo se puede endeudar por endeudar. Tenemos que saber para qu\u00e9 es y la Asamblea tiene esa funci\u00f3n de fiscalizar de cuestionar y preguntar cu\u00e1l va a ser el destino. Nosotros no queremos trancar, simplemente queremos las cosas claras cr\u00e9ditos que tienen esa finalidad de libre disposici\u00f3n\u201d, indic\u00f3.<\/p>\n","protected":false},"excerpt":{"rendered":"<p>El cr\u00e9dito de 500 millones de d\u00f3lares fue convenido por el Gobierno de Rodrigo Paz&#8230;<\/p>\n","protected":false},"author":1,"featured_media":12118,"comment_status":"closed","ping_status":"closed","sticky":false,"template":"","format":"standard","meta":{"fifu_image_url":"","fifu_image_alt":"","footnotes":""},"categories":[1],"tags":[],"class_list":["post-12117","post","type-post","status-publish","format-standard","has-post-thumbnail","hentry","category-sin-categoria"],"_links":{"self":[{"href":"https:\/\/eldiariovirtual.com\/index.php\/wp-json\/wp\/v2\/posts\/12117","targetHints":{"allow":["GET"]}}],"collection":[{"href":"https:\/\/eldiariovirtual.com\/index.php\/wp-json\/wp\/v2\/posts"}],"about":[{"href":"https:\/\/eldiariovirtual.com\/index.php\/wp-json\/wp\/v2\/types\/post"}],"author":[{"embeddable":true,"href":"https:\/\/eldiariovirtual.com\/index.php\/wp-json\/wp\/v2\/users\/1"}],"replies":[{"embeddable":true,"href":"https:\/\/eldiariovirtual.com\/index.php\/wp-json\/wp\/v2\/comments?post=12117"}],"version-history":[{"count":1,"href":"https:\/\/eldiariovirtual.com\/index.php\/wp-json\/wp\/v2\/posts\/12117\/revisions"}],"predecessor-version":[{"id":12119,"href":"https:\/\/eldiariovirtual.com\/index.php\/wp-json\/wp\/v2\/posts\/12117\/revisions\/12119"}],"wp:featuredmedia":[{"embeddable":true,"href":"https:\/\/eldiariovirtual.com\/index.php\/wp-json\/wp\/v2\/media\/12118"}],"wp:attachment":[{"href":"https:\/\/eldiariovirtual.com\/index.php\/wp-json\/wp\/v2\/media?parent=12117"}],"wp:term":[{"taxonomy":"category","embeddable":true,"href":"https:\/\/eldiariovirtual.com\/index.php\/wp-json\/wp\/v2\/categories?post=12117"},{"taxonomy":"post_tag","embeddable":true,"href":"https:\/\/eldiariovirtual.com\/index.php\/wp-json\/wp\/v2\/tags?post=12117"}],"curies":[{"name":"wp","href":"https:\/\/api.w.org\/{rel}","templated":true}]}}