{"id":12166,"date":"2025-12-10T21:37:58","date_gmt":"2025-12-11T01:37:58","guid":{"rendered":"https:\/\/eldiariovirtual.com\/?p=12166"},"modified":"2025-12-11T21:56:36","modified_gmt":"2025-12-12T01:56:36","slug":"paz-anula-el-pago-de-vacaciones-acumuladas-para-funcionarios-publicos-dispuesto-por-arce","status":"publish","type":"post","link":"https:\/\/eldiariovirtual.com\/index.php\/2025\/12\/10\/paz-anula-el-pago-de-vacaciones-acumuladas-para-funcionarios-publicos-dispuesto-por-arce\/","title":{"rendered":"Paz anula el pago de vacaciones acumuladas para funcionarios p\u00fablicos dispuesto por Arce"},"content":{"rendered":"\n<p>En octubre pasado, el Gobierno de Arce, a trav\u00e9s del Decreto Supremo N\u00b0 5470, dispuso que todas las instituciones p\u00fablicas que a\u00fan no hayan cancelado las vacaciones acumuladas de sus funcionarios deber\u00e1n efectuar el pago correspondiente en un plazo m\u00e1ximo de 45 d\u00edas calendario.<br><\/p>\n\n\n\n<figure class=\"wp-block-image size-full\"><img loading=\"lazy\" decoding=\"async\" width=\"992\" height=\"558\" src=\"https:\/\/eldiariovirtual.com\/wp-content\/uploads\/2025\/12\/2025121023075530383.webp\" alt=\"\" class=\"wp-image-12167\" srcset=\"https:\/\/eldiariovirtual.com\/wp-content\/uploads\/2025\/12\/2025121023075530383.webp 992w, https:\/\/eldiariovirtual.com\/wp-content\/uploads\/2025\/12\/2025121023075530383-300x169.webp 300w, https:\/\/eldiariovirtual.com\/wp-content\/uploads\/2025\/12\/2025121023075530383-768x432.webp 768w\" sizes=\"auto, (max-width: 992px) 100vw, 992px\" \/><\/figure>\n\n\n\n<p>El presidente Rodrigo Paz en una conferencia de prensa.<\/p>\n\n\n\n<p>El presidente Rodrigo Paz y su gabinete de ministros aprobaron el pasado 8 de diciembre un decreto supremo que dispone que el uso de las vacaciones por parte de los funcionarios p\u00fablicos es irrenunciable y suspendi\u00f3 la medida adoptada por el gobierno de Luis Arce que fijaba el pago pecuniario de las vacaciones no utilizadas.<\/p>\n\n\n\n<p>El mencionado decreto modifica varias disposiciones del Estatuto del Funcionario P\u00fablico y pone el argumento de \u201clos recursos p\u00fablicos limitados, el incremento de las obligaciones de pago no atendidas y heredadas del anterior gobierno, y adem\u00e1s de cumplir con los compromisos de gasto inflexible, subvenciones y programas sociales\u201d, para cancelar el plan de Arce para que los servidores de su gobierno reciban efectivo, si no utilizaron sus vacaciones.<\/p>\n\n\n\n<p>El decreto aprobado por el gobierno de Paz establece que&nbsp; \u201cI. El derecho a la vacaci\u00f3n de la servidora o servidor p\u00fablico es irrenunciable y su uso es obligatorio, no siendo susceptible a compensaci\u00f3n pecuniaria salvo en los casos de fallecimiento, a favor de sus herederos; por motivos de extinci\u00f3n de la entidad; por destituci\u00f3n o renuncia al cargo; o cuando exista fallo judicial o sentencia ejecutoriada; en estos casos, las entidades p\u00fablicas en todos sus niveles deber\u00e1n efectuar el pago correspondiente por vacaciones no utilizadas dentro de un plazo m\u00e1ximo de doce (12) meses.<\/p>\n\n\n\n<p>En octubre pasado, el Gobierno de Arce, a trav\u00e9s del Decreto Supremo N\u00b0 5470, dispuso que todas las instituciones p\u00fablicas que a\u00fan no hayan cancelado las vacaciones acumuladas de sus funcionarios deber\u00e1n efectuar el pago correspondiente en un plazo m\u00e1ximo de 45 d\u00edas calendario.<\/p>\n","protected":false},"excerpt":{"rendered":"<p>En octubre pasado, el Gobierno de Arce, a trav\u00e9s del Decreto Supremo N\u00b0 5470, dispuso&#8230;<\/p>\n","protected":false},"author":1,"featured_media":12167,"comment_status":"closed","ping_status":"closed","sticky":false,"template":"","format":"standard","meta":{"fifu_image_url":"","fifu_image_alt":"","footnotes":""},"categories":[1],"tags":[],"class_list":["post-12166","post","type-post","status-publish","format-standard","has-post-thumbnail","hentry","category-sin-categoria"],"_links":{"self":[{"href":"https:\/\/eldiariovirtual.com\/index.php\/wp-json\/wp\/v2\/posts\/12166","targetHints":{"allow":["GET"]}}],"collection":[{"href":"https:\/\/eldiariovirtual.com\/index.php\/wp-json\/wp\/v2\/posts"}],"about":[{"href":"https:\/\/eldiariovirtual.com\/index.php\/wp-json\/wp\/v2\/types\/post"}],"author":[{"embeddable":true,"href":"https:\/\/eldiariovirtual.com\/index.php\/wp-json\/wp\/v2\/users\/1"}],"replies":[{"embeddable":true,"href":"https:\/\/eldiariovirtual.com\/index.php\/wp-json\/wp\/v2\/comments?post=12166"}],"version-history":[{"count":1,"href":"https:\/\/eldiariovirtual.com\/index.php\/wp-json\/wp\/v2\/posts\/12166\/revisions"}],"predecessor-version":[{"id":12168,"href":"https:\/\/eldiariovirtual.com\/index.php\/wp-json\/wp\/v2\/posts\/12166\/revisions\/12168"}],"wp:featuredmedia":[{"embeddable":true,"href":"https:\/\/eldiariovirtual.com\/index.php\/wp-json\/wp\/v2\/media\/12167"}],"wp:attachment":[{"href":"https:\/\/eldiariovirtual.com\/index.php\/wp-json\/wp\/v2\/media?parent=12166"}],"wp:term":[{"taxonomy":"category","embeddable":true,"href":"https:\/\/eldiariovirtual.com\/index.php\/wp-json\/wp\/v2\/categories?post=12166"},{"taxonomy":"post_tag","embeddable":true,"href":"https:\/\/eldiariovirtual.com\/index.php\/wp-json\/wp\/v2\/tags?post=12166"}],"curies":[{"name":"wp","href":"https:\/\/api.w.org\/{rel}","templated":true}]}}