{"id":12169,"date":"2025-12-11T21:42:01","date_gmt":"2025-12-12T01:42:01","guid":{"rendered":"https:\/\/eldiariovirtual.com\/?p=12169"},"modified":"2025-12-11T21:42:01","modified_gmt":"2025-12-12T01:42:01","slug":"gobierno-asegura-que-luis-arce-es-el-principal-responsable-en-el-caso-fondo-indigena","status":"publish","type":"post","link":"https:\/\/eldiariovirtual.com\/index.php\/2025\/12\/11\/gobierno-asegura-que-luis-arce-es-el-principal-responsable-en-el-caso-fondo-indigena\/","title":{"rendered":"Gobierno asegura que Luis Arce es el \u00abprincipal responsable\u00bb en el caso Fondo ind\u00edgena"},"content":{"rendered":"\n<p>El caso Fondo Ind\u00edgena fue denunciado hace m\u00e1s de 10 a\u00f1os, cuando se evidenci\u00f3 que dirigentes de organizaciones sociales hab\u00edan recibido dinero en cuentas personales para ejecutar obras, que terminaron siendo \u201cfantasmas\u201d o realizadas a medias.<\/p>\n\n\n\n<figure class=\"wp-block-image size-full\"><img loading=\"lazy\" decoding=\"async\" width=\"992\" height=\"558\" src=\"https:\/\/eldiariovirtual.com\/wp-content\/uploads\/2025\/12\/2025121019311460662.webp\" alt=\"\" class=\"wp-image-12170\" srcset=\"https:\/\/eldiariovirtual.com\/wp-content\/uploads\/2025\/12\/2025121019311460662.webp 992w, https:\/\/eldiariovirtual.com\/wp-content\/uploads\/2025\/12\/2025121019311460662-300x169.webp 300w, https:\/\/eldiariovirtual.com\/wp-content\/uploads\/2025\/12\/2025121019311460662-768x432.webp 768w\" sizes=\"auto, (max-width: 992px) 100vw, 992px\" \/><\/figure>\n\n\n\n<p>Aprehensi\u00f3n de Luis Arce (i) y el Ministro de Gobierno<\/p>\n\n\n\n<p>El ministro de Gobierno, Marco Oviedo, afirm\u00f3 este mi\u00e9rcoles que Luis Arce Catacora es el \u201cprincipal responsable\u201d del da\u00f1o econ\u00f3mico del caso Fondo Ind\u00edgena, debido a hechos que sucedieron cuando era Ministro de Econom\u00eda.<\/p>\n\n\n\n<p>El caso Fondo Ind\u00edgena fue denunciado hace m\u00e1s de 10 a\u00f1os, cuando se evidenci\u00f3 que dirigentes de organizaciones sociales hab\u00edan recibido dinero en cuentas personales para ejecutar obras, que terminaron siendo \u201cfantasmas\u201d o realizadas a medias.<\/p>\n\n\n\n<p>Arce Catacora ya fue denunciado en el caso, debido al hecho de que el Ministerio de Econom\u00eda era parte del Directorio del Fondo Ind\u00edgena, pero adem\u00e1s se hab\u00eda autorizado la entrega de dinero del Tesoro a cuentas personales.<\/p>\n\n\n\n<p>\u201cEste hecho que se viene investigando, y que fue denunciado hace muchos a\u00f1os atr\u00e1s, ha sido hoy d\u00eda finalmente dado con el principal responsable de este millonario da\u00f1o econ\u00f3mico que se ha producido en el pa\u00eds, que es el ministro Arce Catacora\u201d, dijo Oviedo.<\/p>\n\n\n\n<p>\u201cEl ministro de Econom\u00eda, Arce Catacora, fung\u00eda como presidente de este Fondo y, por lo tanto, ten\u00eda la responsabilidad directa\u201d, acot\u00f3.<\/p>\n\n\n\n<p>El Ministro de Gobierno se\u00f1al\u00f3 que Arce enfrenta cargos por los delitos de favorecimiento al enriquecimiento il\u00edcito, resoluciones contrarias a la Constituci\u00f3n y las leyes, incumplimiento de deberes, uso indebido de influencias y conducta antiecon\u00f3mica.<\/p>\n\n\n\n<p>\u201cSe autoriz\u00f3 traspasos a dirigentes, cantidades de dinero a cuentas particulares, se autoriz\u00f3 transferencias de recursos a proyectos fantasmas, se transfirieron recursos a proyectos que se realizaron a medias\u201d, enfatiz\u00f3 Oviedo.<\/p>\n\n\n\n<p>Se\u00f1al\u00f3 que el da\u00f1o econ\u00f3mico por el caso Fondo Ind\u00edgena es de 360 millones de bolivianos, pero de sumarse delitos conexos se estima m\u00e1s o menos 700 millones de d\u00f3lares en afectaciones.<\/p>\n\n\n\n<p>Enmarc\u00f3 esta aprehensi\u00f3n dentro de la lucha contra la corrupci\u00f3n que entabl\u00f3 el Gobierno. \u201cVamos a perseguir a los autores del descalabro econ\u00f3mico que est\u00e1 viviendo nuestra patria y no vamos a dejar hasta dar con todos los responsables\u201d.<\/p>\n\n\n\n<p>Oviedo anunci\u00f3 que el resto de los miembros del directorio del Fondo Ind\u00edgena, que autorizaron este tipo de proyectos, y los beneficiarios de estos recursos \u201ctendr\u00e1n que responder ante la justicia y devolver de este dinero que ha salido a sus cuentas particulares\u201d.<\/p>\n","protected":false},"excerpt":{"rendered":"<p>El caso Fondo Ind\u00edgena fue denunciado hace m\u00e1s de 10 a\u00f1os, cuando se evidenci\u00f3 que&#8230;<\/p>\n","protected":false},"author":1,"featured_media":12170,"comment_status":"closed","ping_status":"closed","sticky":false,"template":"","format":"standard","meta":{"fifu_image_url":"","fifu_image_alt":"","footnotes":""},"categories":[1],"tags":[],"class_list":["post-12169","post","type-post","status-publish","format-standard","has-post-thumbnail","hentry","category-sin-categoria"],"_links":{"self":[{"href":"https:\/\/eldiariovirtual.com\/index.php\/wp-json\/wp\/v2\/posts\/12169","targetHints":{"allow":["GET"]}}],"collection":[{"href":"https:\/\/eldiariovirtual.com\/index.php\/wp-json\/wp\/v2\/posts"}],"about":[{"href":"https:\/\/eldiariovirtual.com\/index.php\/wp-json\/wp\/v2\/types\/post"}],"author":[{"embeddable":true,"href":"https:\/\/eldiariovirtual.com\/index.php\/wp-json\/wp\/v2\/users\/1"}],"replies":[{"embeddable":true,"href":"https:\/\/eldiariovirtual.com\/index.php\/wp-json\/wp\/v2\/comments?post=12169"}],"version-history":[{"count":1,"href":"https:\/\/eldiariovirtual.com\/index.php\/wp-json\/wp\/v2\/posts\/12169\/revisions"}],"predecessor-version":[{"id":12171,"href":"https:\/\/eldiariovirtual.com\/index.php\/wp-json\/wp\/v2\/posts\/12169\/revisions\/12171"}],"wp:featuredmedia":[{"embeddable":true,"href":"https:\/\/eldiariovirtual.com\/index.php\/wp-json\/wp\/v2\/media\/12170"}],"wp:attachment":[{"href":"https:\/\/eldiariovirtual.com\/index.php\/wp-json\/wp\/v2\/media?parent=12169"}],"wp:term":[{"taxonomy":"category","embeddable":true,"href":"https:\/\/eldiariovirtual.com\/index.php\/wp-json\/wp\/v2\/categories?post=12169"},{"taxonomy":"post_tag","embeddable":true,"href":"https:\/\/eldiariovirtual.com\/index.php\/wp-json\/wp\/v2\/tags?post=12169"}],"curies":[{"name":"wp","href":"https:\/\/api.w.org\/{rel}","templated":true}]}}