{"id":12190,"date":"2025-12-13T08:36:19","date_gmt":"2025-12-13T12:36:19","guid":{"rendered":"https:\/\/eldiariovirtual.com\/?p=12190"},"modified":"2025-12-14T08:40:44","modified_gmt":"2025-12-14T12:40:44","slug":"fondo-indigena-arce-paso-la-noche-en-el-penal-de-san-pedro-y-evo-guarda-silencio","status":"publish","type":"post","link":"https:\/\/eldiariovirtual.com\/index.php\/2025\/12\/13\/fondo-indigena-arce-paso-la-noche-en-el-penal-de-san-pedro-y-evo-guarda-silencio\/","title":{"rendered":"Fondo Ind\u00edgena: Arce pas\u00f3 la noche en el penal de San Pedro y Evo guarda silencio"},"content":{"rendered":"\n<p>Ni desde Facebook, ni mediante X y menos a trav\u00e9s de declaraciones p\u00fablicas. Simplemente, no reaccion\u00f3 sobre las acusaciones que pesan contra el exmandatario del pa\u00eds.<\/p>\n\n\n\n<figure class=\"wp-block-image size-full\"><img loading=\"lazy\" decoding=\"async\" width=\"992\" height=\"558\" src=\"https:\/\/eldiariovirtual.com\/wp-content\/uploads\/2025\/12\/2024103100183581322.webp\" alt=\"\" class=\"wp-image-12191\" srcset=\"https:\/\/eldiariovirtual.com\/wp-content\/uploads\/2025\/12\/2024103100183581322.webp 992w, https:\/\/eldiariovirtual.com\/wp-content\/uploads\/2025\/12\/2024103100183581322-300x169.webp 300w, https:\/\/eldiariovirtual.com\/wp-content\/uploads\/2025\/12\/2024103100183581322-768x432.webp 768w\" sizes=\"auto, (max-width: 992px) 100vw, 992px\" \/><\/figure>\n\n\n\n<p>El expresidente Evo Morales ha mantenido absoluto silencio por la detenci\u00f3n de su exministro de Econom\u00eda y Finanzas P\u00fablicas, Luis Arce Catacora, quien desde la noche de ayer se encuentra en la c\u00e1rcel de San Pedro.<\/p>\n\n\n\n<p>Ni desde Facebook, ni mediante X y menos a trav\u00e9s de declaraciones p\u00fablicas. Simplemente, no reaccion\u00f3 sobre las acusaciones que pesan contra el exmandatario del pa\u00eds.<\/p>\n\n\n\n<p>Pol\u00edtico de actividad incesante, desde el 10 de diciembre, cuando Arce Catacora fue detenido en un punto del barrio pace\u00f1o de Sopocachi, Morales se pronunci\u00f3 sobre la situaci\u00f3n pol\u00edtica de Venezuela, la de Colombia y en las \u00faltimas horas anunci\u00f3 que el candidato a la gobernaci\u00f3n por el departamento de Cochabamba ser\u00e1 el exdiputado H\u00e9ctor Arce.<\/p>\n\n\n\n<p>\u201cRepudiamos en\u00e9rgicamente las amenazas proferidas por @DonaldTrump contra los presidentes @GustavoPetro y @NicolasMaduro. Ning\u00fan poder extranjero tiene derecho a intimidar a mandatarios elegidos leg\u00edtimamente por sus pueblos. Exigimos absoluto respeto a la soberan\u00eda de Colombia y Venezuela \u00a1Basta de injerencias imperialistas!\u201d, es uno de los posts que public\u00f3 desde X.<\/p>\n\n\n\n<p>Mientras que desde Facebook transmiti\u00f3 un video en el que anuncia que H\u00e9ctor Arce, uno de sus principales defensores en la disputa que tuvo con el gobierno de Arce Catacora, ir\u00e1 por la gobernaci\u00f3n de Cochabamba. El otro candidato era el cocalero y estrecho colaborador Leonardo Loza.<\/p>\n\n\n\n<p>La \u00faltima vez que Morales se pronunci\u00f3 sobre el caso del Fondo Ind\u00edgena fue cuando la exdiputada Lidia Patty, exdiputada y exdirigente campesina, lleg\u00f3 a ser detenida.<\/p>\n\n\n\n<p>\u201cEste nuevo abuso de poder del gobierno y del \u00d3rgano Judicial sometido no quedar\u00e1 impune, tarde o temprano el pueblo unido los juzgar\u00e1. Nuestra solidaridad con nuestra hermana Lidia Patty en estos momentos dif\u00edciles de injusticia\u201d, dijo.<\/p>\n\n\n\n<p>Despu\u00e9s de eso no dijo nada sobre la detenci\u00f3n de Arce, quien es procesado por haber actuado como ministro suyo en el Fondo Ind\u00edgena, un caso reabierto para investigar millonarios desfalcos.<\/p>\n\n\n\n<p><\/p>\n","protected":false},"excerpt":{"rendered":"<p>Ni desde Facebook, ni mediante X y menos a trav\u00e9s de declaraciones p\u00fablicas. Simplemente, no&#8230;<\/p>\n","protected":false},"author":1,"featured_media":12191,"comment_status":"closed","ping_status":"closed","sticky":false,"template":"","format":"standard","meta":{"fifu_image_url":"","fifu_image_alt":"","footnotes":""},"categories":[1],"tags":[],"class_list":["post-12190","post","type-post","status-publish","format-standard","has-post-thumbnail","hentry","category-sin-categoria"],"_links":{"self":[{"href":"https:\/\/eldiariovirtual.com\/index.php\/wp-json\/wp\/v2\/posts\/12190","targetHints":{"allow":["GET"]}}],"collection":[{"href":"https:\/\/eldiariovirtual.com\/index.php\/wp-json\/wp\/v2\/posts"}],"about":[{"href":"https:\/\/eldiariovirtual.com\/index.php\/wp-json\/wp\/v2\/types\/post"}],"author":[{"embeddable":true,"href":"https:\/\/eldiariovirtual.com\/index.php\/wp-json\/wp\/v2\/users\/1"}],"replies":[{"embeddable":true,"href":"https:\/\/eldiariovirtual.com\/index.php\/wp-json\/wp\/v2\/comments?post=12190"}],"version-history":[{"count":1,"href":"https:\/\/eldiariovirtual.com\/index.php\/wp-json\/wp\/v2\/posts\/12190\/revisions"}],"predecessor-version":[{"id":12192,"href":"https:\/\/eldiariovirtual.com\/index.php\/wp-json\/wp\/v2\/posts\/12190\/revisions\/12192"}],"wp:featuredmedia":[{"embeddable":true,"href":"https:\/\/eldiariovirtual.com\/index.php\/wp-json\/wp\/v2\/media\/12191"}],"wp:attachment":[{"href":"https:\/\/eldiariovirtual.com\/index.php\/wp-json\/wp\/v2\/media?parent=12190"}],"wp:term":[{"taxonomy":"category","embeddable":true,"href":"https:\/\/eldiariovirtual.com\/index.php\/wp-json\/wp\/v2\/categories?post=12190"},{"taxonomy":"post_tag","embeddable":true,"href":"https:\/\/eldiariovirtual.com\/index.php\/wp-json\/wp\/v2\/tags?post=12190"}],"curies":[{"name":"wp","href":"https:\/\/api.w.org\/{rel}","templated":true}]}}