{"id":12674,"date":"2026-02-28T16:56:34","date_gmt":"2026-02-28T20:56:34","guid":{"rendered":"https:\/\/eldiariovirtual.com\/?p=12674"},"modified":"2026-03-08T16:59:32","modified_gmt":"2026-03-08T20:59:32","slug":"un-ataque-mata-a-decenas-de-ninas-en-una-escuela-de-primaria-en-el-sur-de-iran","status":"publish","type":"post","link":"https:\/\/eldiariovirtual.com\/index.php\/2026\/02\/28\/un-ataque-mata-a-decenas-de-ninas-en-una-escuela-de-primaria-en-el-sur-de-iran\/","title":{"rendered":"Un ataque mata a decenas de ni\u00f1as en una escuela de primaria en el sur de Ir\u00e1n"},"content":{"rendered":"\n<p>Las autoridades iran\u00edes informan de 85 muertes, muchas de ellas de menores que asist\u00edan a clase.<\/p>\n\n\n\n<figure class=\"wp-block-image size-full\"><img loading=\"lazy\" decoding=\"async\" width=\"992\" height=\"558\" src=\"https:\/\/eldiariovirtual.com\/wp-content\/uploads\/2026\/03\/2026022819023093107.webp\" alt=\"\" class=\"wp-image-12675\" srcset=\"https:\/\/eldiariovirtual.com\/wp-content\/uploads\/2026\/03\/2026022819023093107.webp 992w, https:\/\/eldiariovirtual.com\/wp-content\/uploads\/2026\/03\/2026022819023093107-300x169.webp 300w, https:\/\/eldiariovirtual.com\/wp-content\/uploads\/2026\/03\/2026022819023093107-768x432.webp 768w\" sizes=\"auto, (max-width: 992px) 100vw, 992px\" \/><\/figure>\n\n\n\n<p>Equipos de rescate y residentes buscan entre los escombros de la escuela de primaria bombardeada en Minab, en el sur de Ir\u00e1n, este s\u00e1bado<\/p>\n\n\n\n<p>Los ataques israel\u00edes y estadounidenses&nbsp; dirigidos te\u00f3ricamente contra objetivos militares y del r\u00e9gimen, ya se han cobrado las primeras v\u00edctimas civiles, seg\u00fan las autoridades de la Rep\u00fablica Isl\u00e1mica. Un ataque ha alcanzado este s\u00e1bado una escuela primaria de ni\u00f1as en Minab, una ciudad de la provincia de Hormozgan, en el sur de Ir\u00e1n. Al menos 85 personas han muerto, de acuerdo con el poder judicial de Minab, citado por la agencia semioficial Tasnim, vinculada con la Guardia Revolucionaria.<\/p>\n\n\n\n<p>No est\u00e1 claro cu\u00e1ntas de esas personas eran ni\u00f1as que asist\u00edan a clase este s\u00e1bado, primer d\u00eda lectivo de la semana en Ir\u00e1n, pero se cree que son al menos varias decenas. Otras 63 personas resultaron heridas en el ataque. El ministro de Asuntos Exteriores iran\u00ed, Abbas Araghchi, ha compartido una foto de la escuela tras el ataque del que ha dicho ha matado a \u00abni\u00f1as inocentes\u00bb.<\/p>\n\n\n\n<p>La escuela \u201cfue bombardeada a plena luz del d\u00eda cuando estaba llena de estudiantes\u201d, ha proseguido Araghchi. \u201cEstos cr\u00edmenes contra el pueblo iran\u00ed no quedar\u00e1n sin respuesta\u201d, escribi\u00f3 el ministro en una publicaci\u00f3n en X.<\/p>\n\n\n\n<p>Otras im\u00e1genes difundidas en redes muestran la escuela parcialmente destruida y frente a ella un amasijo de cascotes, cuadernos, libros escolares y mochilas infantiles manchadas de sangre. Otro ataque en un segundo centro educativo en el este de Teher\u00e1n ha matado al menos a otros dos estudiantes, seg\u00fan la agencia de noticias semioficial iran\u00ed Mehr.<\/p>\n\n\n\n<p>A media tarde, seg\u00fan im\u00e1genes de otra agencia semioficial, ISNA, prosegu\u00edan las labores de limpieza de los escombros y de b\u00fasqueda de supervivientes. Otras 63 personas resultaron heridas en el bombardeo,&nbsp;seg\u00fan medios oficiales.<\/p>\n\n\n\n<p>Tambi\u00e9n el portavoz del Ministerio de Asuntos Exteriores de Ir\u00e1n, Esmaeil Baghaei, ha condenado el ataque contra la escuela de ni\u00f1as, que defini\u00f3 como un \u201ccrimen flagrante\u201d. Baghaei ha instado luego al Consejo de Seguridad de las Naciones Unidas a tomar medidas.<\/p>\n\n\n\n<p>El portavoz del Mando Central de Estados Unidos, el capit\u00e1n Tim Hawkins, ha confirmado m\u00e1s tarde que el ej\u00e9rcito estadounidense est\u00e1 al tanto del bombardeo de la escuela y asegur\u00f3 que \u201cestaban investigando esas informaciones\u201d.<\/p>\n\n\n\n<p>El militar ha dicho luego que seguir\u00e1n \u201ctomando todas precauciones posibles para minimizar el riesgo\u201d de lo que llam\u00f3 \u201cda\u00f1os no intencionados\u201d. Despu\u00e9s subray\u00f3 que Estados Unidos \u201cno ataca a civiles\u201d. En los 12 d\u00edas de bombardeos israel\u00edes en Ir\u00e1n de Israel del mes de junio, a los que luego se sum\u00f3 Estados Unidos, murieron alrededor de un millar de civiles, seg\u00fan la agencia estatal IRNA. Otros miles resultaron heridos y la infraestructura del pa\u00eds gravemente da\u00f1ada.<\/p>\n\n\n\n<p>Los ataques lanzados este s\u00e1bado por EE UU e Israel contra objetivos en Ir\u00e1n han causado al menos 200 muertos seg\u00fan ha confirmado la Media Luna Roja. Se desconoce si las v\u00edctimas de la escuela de Minab est\u00e1n incluidas en esa cifra. Entre los fallecidos, se ha confirmado ya al ministro de Defensa iran\u00ed, Amir Nasirzadeh, y al comandante de la Guardia Revolucionaria, Mohammed Pakpour, seg\u00fan han informado dos fuentes israel\u00edes y otra de la regi\u00f3n a la agencia Reuters.<\/p>\n","protected":false},"excerpt":{"rendered":"<p>Las autoridades iran\u00edes informan de 85 muertes, muchas de ellas de menores que asist\u00edan a&#8230;<\/p>\n","protected":false},"author":1,"featured_media":12675,"comment_status":"closed","ping_status":"closed","sticky":false,"template":"","format":"standard","meta":{"fifu_image_url":"","fifu_image_alt":"","footnotes":""},"categories":[1],"tags":[],"class_list":["post-12674","post","type-post","status-publish","format-standard","has-post-thumbnail","hentry","category-sin-categoria"],"_links":{"self":[{"href":"https:\/\/eldiariovirtual.com\/index.php\/wp-json\/wp\/v2\/posts\/12674","targetHints":{"allow":["GET"]}}],"collection":[{"href":"https:\/\/eldiariovirtual.com\/index.php\/wp-json\/wp\/v2\/posts"}],"about":[{"href":"https:\/\/eldiariovirtual.com\/index.php\/wp-json\/wp\/v2\/types\/post"}],"author":[{"embeddable":true,"href":"https:\/\/eldiariovirtual.com\/index.php\/wp-json\/wp\/v2\/users\/1"}],"replies":[{"embeddable":true,"href":"https:\/\/eldiariovirtual.com\/index.php\/wp-json\/wp\/v2\/comments?post=12674"}],"version-history":[{"count":1,"href":"https:\/\/eldiariovirtual.com\/index.php\/wp-json\/wp\/v2\/posts\/12674\/revisions"}],"predecessor-version":[{"id":12676,"href":"https:\/\/eldiariovirtual.com\/index.php\/wp-json\/wp\/v2\/posts\/12674\/revisions\/12676"}],"wp:featuredmedia":[{"embeddable":true,"href":"https:\/\/eldiariovirtual.com\/index.php\/wp-json\/wp\/v2\/media\/12675"}],"wp:attachment":[{"href":"https:\/\/eldiariovirtual.com\/index.php\/wp-json\/wp\/v2\/media?parent=12674"}],"wp:term":[{"taxonomy":"category","embeddable":true,"href":"https:\/\/eldiariovirtual.com\/index.php\/wp-json\/wp\/v2\/categories?post=12674"},{"taxonomy":"post_tag","embeddable":true,"href":"https:\/\/eldiariovirtual.com\/index.php\/wp-json\/wp\/v2\/tags?post=12674"}],"curies":[{"name":"wp","href":"https:\/\/api.w.org\/{rel}","templated":true}]}}