{"id":12677,"date":"2026-02-28T17:01:33","date_gmt":"2026-02-28T21:01:33","guid":{"rendered":"https:\/\/eldiariovirtual.com\/?p=12677"},"modified":"2026-03-08T17:04:07","modified_gmt":"2026-03-08T21:04:07","slug":"una-sola-familia-perdio-a-ocho-de-sus-miembros-en-la-tragedia-aerea-de-el-alto","status":"publish","type":"post","link":"https:\/\/eldiariovirtual.com\/index.php\/2026\/02\/28\/una-sola-familia-perdio-a-ocho-de-sus-miembros-en-la-tragedia-aerea-de-el-alto\/","title":{"rendered":"Una sola familia perdi\u00f3 a ocho de sus miembros en la tragedia a\u00e9rea de El Alto"},"content":{"rendered":"\n<p>Salieron a comer, regresaban en un minib\u00fas cuando ocurri\u00f3 el accidente.<\/p>\n\n\n\n<figure class=\"wp-block-image size-full\"><img loading=\"lazy\" decoding=\"async\" width=\"992\" height=\"558\" src=\"https:\/\/eldiariovirtual.com\/wp-content\/uploads\/2026\/03\/2026022812321297324.webp\" alt=\"\" class=\"wp-image-12678\" srcset=\"https:\/\/eldiariovirtual.com\/wp-content\/uploads\/2026\/03\/2026022812321297324.webp 992w, https:\/\/eldiariovirtual.com\/wp-content\/uploads\/2026\/03\/2026022812321297324-300x169.webp 300w, https:\/\/eldiariovirtual.com\/wp-content\/uploads\/2026\/03\/2026022812321297324-768x432.webp 768w\" sizes=\"auto, (max-width: 992px) 100vw, 992px\" \/><\/figure>\n\n\n\n<p>Ocho integrantes de una familia fallecieron en la tragedia ocurrida en El Alto, ayer. Urgente.<\/p>\n\n\n\n<p>La tragedia ocurrida en El Alto y provocada por un avi\u00f3n H\u00e9rcules ha quitado la vida de al menos 20 personas la noche del viernes. La ma\u00f1ana de este s\u00e1bado se conoci\u00f3 que de ese total ocho son parte de una sola familia.<\/p>\n\n\n\n<p>Marcial P\u00e9rez, pariente de ocho personas fallecidas, inform\u00f3 que sus familiares se encontraban a bordo de un minib\u00fas que qued\u00f3 completamente destrozado tras el impacto.<\/p>\n\n\n\n<p>\u00abOcho miembros de mi familia fallecieron en el accidente y tengo un ni\u00f1o de 12 a\u00f1os que perdi\u00f3 las dos piernas en el hospital de El Alto\u00bb, cont\u00f3 P\u00e9rez en la Morgue de la ciudad de La Paz.<\/p>\n\n\n\n<p>En la morgue les informaron que no pueden retirar los cuerpos debido a la falta de documentos de identificaci\u00f3n, los cuales se habr\u00edan destruido en el accidente. Los cuerpos quedaron irreconocibles y que gran parte de la documentaci\u00f3n personal se perdi\u00f3 en el siniestro.<\/p>\n\n\n\n<p>Su familia sali\u00f3 del hogar con el plan de comer y retornaba a su domicilio cuando ocurri\u00f3 el accidente.<\/p>\n\n\n\n<p>Le indicaron que deben esperar la llegada de partes del cuerpo que a\u00fan no habr\u00edan sido recuperadas.<\/p>\n\n\n\n<p>Asimismo, inform\u00f3 que uno de los sobrevivientes es un ni\u00f1o de 12 a\u00f1os, quien se encuentra internado en un hospital de la ciudad de El Alto con heridas de gravedad y habr\u00eda perdido ambas piernas a causa del accidente.<\/p>\n\n\n\n<p>Ante esta situaci\u00f3n, pidi\u00f3 ayuda urgente a las autoridades y al Gobierno, se\u00f1alando que su familia es de escasos recursos y no cuenta con medios para afrontar los gastos m\u00e9dicos, funerarios ni los tr\u00e1mites necesarios.<\/p>\n","protected":false},"excerpt":{"rendered":"<p>Salieron a comer, regresaban en un minib\u00fas cuando ocurri\u00f3 el accidente. Ocho integrantes de una&#8230;<\/p>\n","protected":false},"author":1,"featured_media":12678,"comment_status":"closed","ping_status":"closed","sticky":false,"template":"","format":"standard","meta":{"fifu_image_url":"","fifu_image_alt":"","footnotes":""},"categories":[1],"tags":[],"class_list":["post-12677","post","type-post","status-publish","format-standard","has-post-thumbnail","hentry","category-sin-categoria"],"_links":{"self":[{"href":"https:\/\/eldiariovirtual.com\/index.php\/wp-json\/wp\/v2\/posts\/12677","targetHints":{"allow":["GET"]}}],"collection":[{"href":"https:\/\/eldiariovirtual.com\/index.php\/wp-json\/wp\/v2\/posts"}],"about":[{"href":"https:\/\/eldiariovirtual.com\/index.php\/wp-json\/wp\/v2\/types\/post"}],"author":[{"embeddable":true,"href":"https:\/\/eldiariovirtual.com\/index.php\/wp-json\/wp\/v2\/users\/1"}],"replies":[{"embeddable":true,"href":"https:\/\/eldiariovirtual.com\/index.php\/wp-json\/wp\/v2\/comments?post=12677"}],"version-history":[{"count":1,"href":"https:\/\/eldiariovirtual.com\/index.php\/wp-json\/wp\/v2\/posts\/12677\/revisions"}],"predecessor-version":[{"id":12679,"href":"https:\/\/eldiariovirtual.com\/index.php\/wp-json\/wp\/v2\/posts\/12677\/revisions\/12679"}],"wp:featuredmedia":[{"embeddable":true,"href":"https:\/\/eldiariovirtual.com\/index.php\/wp-json\/wp\/v2\/media\/12678"}],"wp:attachment":[{"href":"https:\/\/eldiariovirtual.com\/index.php\/wp-json\/wp\/v2\/media?parent=12677"}],"wp:term":[{"taxonomy":"category","embeddable":true,"href":"https:\/\/eldiariovirtual.com\/index.php\/wp-json\/wp\/v2\/categories?post=12677"},{"taxonomy":"post_tag","embeddable":true,"href":"https:\/\/eldiariovirtual.com\/index.php\/wp-json\/wp\/v2\/tags?post=12677"}],"curies":[{"name":"wp","href":"https:\/\/api.w.org\/{rel}","templated":true}]}}