{"id":12686,"date":"2026-03-02T17:18:01","date_gmt":"2026-03-02T21:18:01","guid":{"rendered":"https:\/\/eldiariovirtual.com\/?p=12686"},"modified":"2026-03-08T17:21:02","modified_gmt":"2026-03-08T21:21:02","slug":"paz-dice-que-identificaron-a-culpables-por-crisis-de-gasolina-deberan-responder-ante-la-justicia","status":"publish","type":"post","link":"https:\/\/eldiariovirtual.com\/index.php\/2026\/03\/02\/paz-dice-que-identificaron-a-culpables-por-crisis-de-gasolina-deberan-responder-ante-la-justicia\/","title":{"rendered":"Paz dice que identificaron a culpables por crisis de gasolina: \u2018Deber\u00e1n responder ante la justicia\u2019"},"content":{"rendered":"\n<p>Hasta el momento, YPFB investiga a 12 funcionarios: 10 enfrentan procesos administrativos y dos han sido judicializados.<\/p>\n\n\n\n<figure class=\"wp-block-image size-full\"><img loading=\"lazy\" decoding=\"async\" width=\"992\" height=\"558\" src=\"https:\/\/eldiariovirtual.com\/wp-content\/uploads\/2026\/03\/2026020422215564907.webp\" alt=\"\" class=\"wp-image-12687\" srcset=\"https:\/\/eldiariovirtual.com\/wp-content\/uploads\/2026\/03\/2026020422215564907.webp 992w, https:\/\/eldiariovirtual.com\/wp-content\/uploads\/2026\/03\/2026020422215564907-300x169.webp 300w, https:\/\/eldiariovirtual.com\/wp-content\/uploads\/2026\/03\/2026020422215564907-768x432.webp 768w\" sizes=\"auto, (max-width: 992px) 100vw, 992px\" \/><\/figure>\n\n\n\n<p>El presidente Rodrigo Paz en una conferencia de prensa.<\/p>\n\n\n\n<p>\u201cYa tenemos ubicados a los responsables. Habr\u00e1 anuncios sobre aquellos delincuentes que deber\u00e1n responder ante la justicia por sus actos\u201d, inform\u00f3 este lunes el presidente Rodrigo Paz en conferencia de prensa, en relaci\u00f3n a la crisis en la calidad del combustible.<\/p>\n\n\n\n<p>El mandatario descart\u00f3 que se trate de errores t\u00e9cnicos u operativos y asegur\u00f3 que se trata de un acto deliberado de sabotaje, orquestado por organizaciones criminales que se hab\u00edan apoderado de los sistemas de distribuci\u00f3n de combustible durante los \u00faltimos 20 a\u00f1os.<\/p>\n\n\n\n<p>\u201cEl da\u00f1o es mayor: es la filosof\u00eda implementada en las \u00faltimas dos d\u00e9cadas para crear una institucionalidad del robo y la corrupci\u00f3n. No hay flujo administrativo o econ\u00f3mico que no haya sido intervenido por tres o cuatro clanes familiares\u201d, sostuvo Paz.<\/p>\n\n\n\n<h2 class=\"wp-block-heading\"><strong>MOTORIZADOS DA\u00d1ADOS<\/strong><\/h2>\n\n\n\n<p>A inicios de este a\u00f1o, transportistas denunciaron la venta de combustible degradado, responsable del da\u00f1o a los motores de sus veh\u00edculos. Tras estudios exhaustivos, se logr\u00f3 identificar el problema y ahora se procede a determinar responsabilidades.<\/p>\n\n\n\n<p>El jefe de Estado enfatiz\u00f3 que no se busca una persecuci\u00f3n generalizada, pues existen trabajadores honestos en la estatal petrolera, pero se corrobor\u00f3 que hay personas vinculadas a estructuras organizadas que buscan desestabilizar al pa\u00eds.<\/p>\n\n\n\n<h2 class=\"wp-block-heading\"><strong>12 FUNCIONARIOS EN LA MIRA<\/strong><\/h2>\n\n\n\n<p>Hasta el momento, Yacimientos Petrol\u00edferos Fiscales Bolivianos (YPFB) investiga a 12 funcionarios: 10 enfrentan procesos administrativos y dos han sido judicializados.<\/p>\n\n\n\n<p>Autoridades del sector hidrocarburos hab\u00edan se\u00f1alado previamente la existencia de una \u201cmano negra\u201d, versi\u00f3n que fue confirmada con las recientes declaraciones del presidente Paz, seg\u00fan un reporte institucional.<\/p>\n","protected":false},"excerpt":{"rendered":"<p>Hasta el momento, YPFB investiga a 12 funcionarios: 10 enfrentan procesos administrativos y dos han&#8230;<\/p>\n","protected":false},"author":1,"featured_media":12687,"comment_status":"closed","ping_status":"closed","sticky":false,"template":"","format":"standard","meta":{"fifu_image_url":"","fifu_image_alt":"","footnotes":""},"categories":[1],"tags":[],"class_list":["post-12686","post","type-post","status-publish","format-standard","has-post-thumbnail","hentry","category-sin-categoria"],"_links":{"self":[{"href":"https:\/\/eldiariovirtual.com\/index.php\/wp-json\/wp\/v2\/posts\/12686","targetHints":{"allow":["GET"]}}],"collection":[{"href":"https:\/\/eldiariovirtual.com\/index.php\/wp-json\/wp\/v2\/posts"}],"about":[{"href":"https:\/\/eldiariovirtual.com\/index.php\/wp-json\/wp\/v2\/types\/post"}],"author":[{"embeddable":true,"href":"https:\/\/eldiariovirtual.com\/index.php\/wp-json\/wp\/v2\/users\/1"}],"replies":[{"embeddable":true,"href":"https:\/\/eldiariovirtual.com\/index.php\/wp-json\/wp\/v2\/comments?post=12686"}],"version-history":[{"count":1,"href":"https:\/\/eldiariovirtual.com\/index.php\/wp-json\/wp\/v2\/posts\/12686\/revisions"}],"predecessor-version":[{"id":12688,"href":"https:\/\/eldiariovirtual.com\/index.php\/wp-json\/wp\/v2\/posts\/12686\/revisions\/12688"}],"wp:featuredmedia":[{"embeddable":true,"href":"https:\/\/eldiariovirtual.com\/index.php\/wp-json\/wp\/v2\/media\/12687"}],"wp:attachment":[{"href":"https:\/\/eldiariovirtual.com\/index.php\/wp-json\/wp\/v2\/media?parent=12686"}],"wp:term":[{"taxonomy":"category","embeddable":true,"href":"https:\/\/eldiariovirtual.com\/index.php\/wp-json\/wp\/v2\/categories?post=12686"},{"taxonomy":"post_tag","embeddable":true,"href":"https:\/\/eldiariovirtual.com\/index.php\/wp-json\/wp\/v2\/tags?post=12686"}],"curies":[{"name":"wp","href":"https:\/\/api.w.org\/{rel}","templated":true}]}}