{"id":12695,"date":"2026-03-04T21:33:08","date_gmt":"2026-03-05T01:33:08","guid":{"rendered":"https:\/\/eldiariovirtual.com\/?p=12695"},"modified":"2026-03-10T21:37:10","modified_gmt":"2026-03-11T01:37:10","slug":"confirman-que-trump-recibira-este-sabado-al-jefe-de-estado-de-bolivia-y-otros-paises-para-cumbre","status":"publish","type":"post","link":"https:\/\/eldiariovirtual.com\/index.php\/2026\/03\/04\/confirman-que-trump-recibira-este-sabado-al-jefe-de-estado-de-bolivia-y-otros-paises-para-cumbre\/","title":{"rendered":"Confirman que Trump recibir\u00e1 este s\u00e1bado al jefe de Estado de Bolivia y otros pa\u00edses para cumbre"},"content":{"rendered":"\n<p>La prensa estadounidense difundi\u00f3 la lista de los invitados de la Casa Blanca, entre quienes figura el nombre del presidente de Bolivia, Rodrigo Paz.<\/p>\n\n\n\n<figure class=\"wp-block-image size-full\"><img loading=\"lazy\" decoding=\"async\" width=\"992\" height=\"558\" src=\"https:\/\/eldiariovirtual.com\/wp-content\/uploads\/2026\/03\/2026011521060460247.webp\" alt=\"\" class=\"wp-image-12696\" srcset=\"https:\/\/eldiariovirtual.com\/wp-content\/uploads\/2026\/03\/2026011521060460247.webp 992w, https:\/\/eldiariovirtual.com\/wp-content\/uploads\/2026\/03\/2026011521060460247-300x169.webp 300w, https:\/\/eldiariovirtual.com\/wp-content\/uploads\/2026\/03\/2026011521060460247-768x432.webp 768w\" sizes=\"auto, (max-width: 992px) 100vw, 992px\" \/><\/figure>\n\n\n\n<p>La Casa Blanca ha confirmado este mi\u00e9rcoles que el presidente Donald Trump recibir\u00e1 este s\u00e1bado a jefes de Estado de 12 pa\u00edses del hemisferio, incluido Bolivia, para una cumbre que se desarrollar\u00e1 en Miami.<\/p>\n\n\n\n<p>\u201cLos siguientes pa\u00edses estar\u00e1n presentes: Argentina, Bolivia, Chile, Costa Rica, Rep\u00fablica Dominicana, Ecuador, El Salvador, Honduras, Panam\u00e1, Paraguay, Trinidad y Tobago y tal vez algunos otros tambi\u00e9n\u201d, dijo la portavoz de la Casa Blanca, Karoline Leavitt.<\/p>\n\n\n\n<p>La prensa estadounidense difundi\u00f3 la lista de los invitados de la Casa Blanca, entre quienes figura el nombre del presidente de Bolivia, Rodrigo Paz.<\/p>\n\n\n\n<p>La portavoz de la Casa Blanca indic\u00f3 que se recibir\u00e1 a representantes de 12 pa\u00edses, con el objetivo de promover las libertades, la seguridad y la prosperidad en la regi\u00f3n.<\/p>\n\n\n\n<p>Se\u00f1al\u00f3 que Trump busca formar \u201cuna coalici\u00f3n hist\u00f3rica\u201d para trabajar juntos contra las bandas criminales narcoterroristas, los c\u00e1rteles y la migraci\u00f3n ilegal.<\/p>\n\n\n\n<p>El presidente de Paraguay, Santiago Pe\u00f1a, difundi\u00f3 su invitaci\u00f3n, en la cual se denomina a la reuni\u00f3n como la Cumbre del Escudo de las Am\u00e9ricas, que se desarrollar\u00e1 en Miami.<\/p>\n\n\n\n<p><\/p>\n","protected":false},"excerpt":{"rendered":"<p>La prensa estadounidense difundi\u00f3 la lista de los invitados de la Casa Blanca, entre quienes&#8230;<\/p>\n","protected":false},"author":1,"featured_media":12696,"comment_status":"closed","ping_status":"closed","sticky":false,"template":"","format":"standard","meta":{"fifu_image_url":"","fifu_image_alt":"","footnotes":""},"categories":[1],"tags":[],"class_list":["post-12695","post","type-post","status-publish","format-standard","has-post-thumbnail","hentry","category-sin-categoria"],"_links":{"self":[{"href":"https:\/\/eldiariovirtual.com\/index.php\/wp-json\/wp\/v2\/posts\/12695","targetHints":{"allow":["GET"]}}],"collection":[{"href":"https:\/\/eldiariovirtual.com\/index.php\/wp-json\/wp\/v2\/posts"}],"about":[{"href":"https:\/\/eldiariovirtual.com\/index.php\/wp-json\/wp\/v2\/types\/post"}],"author":[{"embeddable":true,"href":"https:\/\/eldiariovirtual.com\/index.php\/wp-json\/wp\/v2\/users\/1"}],"replies":[{"embeddable":true,"href":"https:\/\/eldiariovirtual.com\/index.php\/wp-json\/wp\/v2\/comments?post=12695"}],"version-history":[{"count":1,"href":"https:\/\/eldiariovirtual.com\/index.php\/wp-json\/wp\/v2\/posts\/12695\/revisions"}],"predecessor-version":[{"id":12697,"href":"https:\/\/eldiariovirtual.com\/index.php\/wp-json\/wp\/v2\/posts\/12695\/revisions\/12697"}],"wp:featuredmedia":[{"embeddable":true,"href":"https:\/\/eldiariovirtual.com\/index.php\/wp-json\/wp\/v2\/media\/12696"}],"wp:attachment":[{"href":"https:\/\/eldiariovirtual.com\/index.php\/wp-json\/wp\/v2\/media?parent=12695"}],"wp:term":[{"taxonomy":"category","embeddable":true,"href":"https:\/\/eldiariovirtual.com\/index.php\/wp-json\/wp\/v2\/categories?post=12695"},{"taxonomy":"post_tag","embeddable":true,"href":"https:\/\/eldiariovirtual.com\/index.php\/wp-json\/wp\/v2\/tags?post=12695"}],"curies":[{"name":"wp","href":"https:\/\/api.w.org\/{rel}","templated":true}]}}