{"id":12698,"date":"2026-03-04T21:40:03","date_gmt":"2026-03-05T01:40:03","guid":{"rendered":"https:\/\/eldiariovirtual.com\/?p=12698"},"modified":"2026-03-10T21:44:31","modified_gmt":"2026-03-11T01:44:31","slug":"ministro-de-hidrocarburos-rendira-este-jueves-informe-en-el-senado-sobre-calidad-de-la-gasolina","status":"publish","type":"post","link":"https:\/\/eldiariovirtual.com\/index.php\/2026\/03\/04\/ministro-de-hidrocarburos-rendira-este-jueves-informe-en-el-senado-sobre-calidad-de-la-gasolina\/","title":{"rendered":"Ministro de Hidrocarburos rendir\u00e1 este jueves informe en el Senado sobre calidad de la gasolina"},"content":{"rendered":"\n<p>El presidente de la C\u00e1mara de Senadores, Diego \u00c1vila, confirm\u00f3 la asistencia del ministro tras varias solicitudes de legisladores, quienes formular\u00e1n consultas espec\u00edficas sobre el tema.<\/p>\n\n\n\n<figure class=\"wp-block-image size-full\"><img loading=\"lazy\" decoding=\"async\" width=\"992\" height=\"558\" src=\"https:\/\/eldiariovirtual.com\/wp-content\/uploads\/2026\/03\/2023112923534356799.webp\" alt=\"\" class=\"wp-image-12699\" srcset=\"https:\/\/eldiariovirtual.com\/wp-content\/uploads\/2026\/03\/2023112923534356799.webp 992w, https:\/\/eldiariovirtual.com\/wp-content\/uploads\/2026\/03\/2023112923534356799-300x169.webp 300w, https:\/\/eldiariovirtual.com\/wp-content\/uploads\/2026\/03\/2023112923534356799-768x432.webp 768w\" sizes=\"auto, (max-width: 992px) 100vw, 992px\" \/><\/figure>\n\n\n\n<p>El ministro de Hidrocarburos y Energ\u00edas, Mauricio Medinaceli, brindar\u00e1 este jueves un informe oral ante el pleno de la C\u00e1mara de Senadores sobre la calidad de la gasolina, tema cuestionado por sectores del transporte p\u00fablico.<\/p>\n\n\n\n<p>El presidente de la C\u00e1mara de Senadores, Diego \u00c1vila, confirm\u00f3 la asistencia del ministro tras varias solicitudes de legisladores, quienes formular\u00e1n consultas espec\u00edficas sobre el tema.<\/p>\n\n\n\n<p>\u201cMa\u00f1ana vamos a recibir informes orales; va a venir el Ministro de Hidrocarburos y estamos esperando la confirmaci\u00f3n del presidente del Banco Central de Bolivia para responder a los varios requerimientos de informaci\u00f3n\u201d, indic\u00f3 \u00c1vila.<\/p>\n\n\n\n<p>Durante la sesi\u00f3n, los senadores plantear\u00e1n alrededor de 17 preguntas sobre la gasolina desestabilizada y otros aspectos relacionados con Yacimientos Petrol\u00edferos Fiscales Bolivianos (YPFB).<\/p>\n\n\n\n<p>La pasada semana, Medinaceli no asisti\u00f3 a su interpelaci\u00f3n en el pleno de la Asamblea Legislativa Plurinacional (ALP) y la sesi\u00f3n se suspendi\u00f3 ante la imposibilidad de viabilizar la votaci\u00f3n para aprobar una moci\u00f3n de censura en su<\/p>\n","protected":false},"excerpt":{"rendered":"<p>El presidente de la C\u00e1mara de Senadores, Diego \u00c1vila, confirm\u00f3 la asistencia del ministro tras&#8230;<\/p>\n","protected":false},"author":1,"featured_media":12699,"comment_status":"closed","ping_status":"closed","sticky":false,"template":"","format":"standard","meta":{"fifu_image_url":"","fifu_image_alt":"","footnotes":""},"categories":[1],"tags":[],"class_list":["post-12698","post","type-post","status-publish","format-standard","has-post-thumbnail","hentry","category-sin-categoria"],"_links":{"self":[{"href":"https:\/\/eldiariovirtual.com\/index.php\/wp-json\/wp\/v2\/posts\/12698","targetHints":{"allow":["GET"]}}],"collection":[{"href":"https:\/\/eldiariovirtual.com\/index.php\/wp-json\/wp\/v2\/posts"}],"about":[{"href":"https:\/\/eldiariovirtual.com\/index.php\/wp-json\/wp\/v2\/types\/post"}],"author":[{"embeddable":true,"href":"https:\/\/eldiariovirtual.com\/index.php\/wp-json\/wp\/v2\/users\/1"}],"replies":[{"embeddable":true,"href":"https:\/\/eldiariovirtual.com\/index.php\/wp-json\/wp\/v2\/comments?post=12698"}],"version-history":[{"count":1,"href":"https:\/\/eldiariovirtual.com\/index.php\/wp-json\/wp\/v2\/posts\/12698\/revisions"}],"predecessor-version":[{"id":12700,"href":"https:\/\/eldiariovirtual.com\/index.php\/wp-json\/wp\/v2\/posts\/12698\/revisions\/12700"}],"wp:featuredmedia":[{"embeddable":true,"href":"https:\/\/eldiariovirtual.com\/index.php\/wp-json\/wp\/v2\/media\/12699"}],"wp:attachment":[{"href":"https:\/\/eldiariovirtual.com\/index.php\/wp-json\/wp\/v2\/media?parent=12698"}],"wp:term":[{"taxonomy":"category","embeddable":true,"href":"https:\/\/eldiariovirtual.com\/index.php\/wp-json\/wp\/v2\/categories?post=12698"},{"taxonomy":"post_tag","embeddable":true,"href":"https:\/\/eldiariovirtual.com\/index.php\/wp-json\/wp\/v2\/tags?post=12698"}],"curies":[{"name":"wp","href":"https:\/\/api.w.org\/{rel}","templated":true}]}}