{"id":12701,"date":"2026-03-05T21:44:38","date_gmt":"2026-03-06T01:44:38","guid":{"rendered":"https:\/\/eldiariovirtual.com\/?p=12701"},"modified":"2026-03-10T21:48:27","modified_gmt":"2026-03-11T01:48:27","slug":"falla-tecnica-en-avion-presidencial-obliga-aterrizaje-preventivo-en-el-alto","status":"publish","type":"post","link":"https:\/\/eldiariovirtual.com\/index.php\/2026\/03\/05\/falla-tecnica-en-avion-presidencial-obliga-aterrizaje-preventivo-en-el-alto\/","title":{"rendered":"Falla t\u00e9cnica en avi\u00f3n presidencial obliga aterrizaje preventivo en El Alto"},"content":{"rendered":"\n<p>El viaje del presidente Rodrigo Paz a Miami qued\u00f3 postergado hasta ma\u00f1ana.<\/p>\n\n\n\n<figure class=\"wp-block-image size-full\"><img loading=\"lazy\" decoding=\"async\" width=\"980\" height=\"552\" src=\"https:\/\/eldiariovirtual.com\/wp-content\/uploads\/2026\/03\/2026030514473462326.webp\" alt=\"\" class=\"wp-image-12702\" srcset=\"https:\/\/eldiariovirtual.com\/wp-content\/uploads\/2026\/03\/2026030514473462326.webp 980w, https:\/\/eldiariovirtual.com\/wp-content\/uploads\/2026\/03\/2026030514473462326-300x169.webp 300w, https:\/\/eldiariovirtual.com\/wp-content\/uploads\/2026\/03\/2026030514473462326-768x433.webp 768w\" sizes=\"auto, (max-width: 980px) 100vw, 980px\" \/><\/figure>\n\n\n\n<p>La Oficina del Presidente de Rodrigo Paz, a trav\u00e9s de un comunicado, inform\u00f3 este jueves que el avi\u00f3n presidencial realiz\u00f3 un aterrizaje preventivo en la ciudad de El Alto tras detectarse fallas inusuales durante un vuelo dom\u00e9stico, debido a esta situaci\u00f3n, el viaje que el presidente ten\u00eda programado para este jueves a la ciudad de Miami, en Estados Unidos, fue reprogramado para ma\u00f1ana viernes.<\/p>\n\n\n\n<p>Seg\u00fan el comunicado oficial, la tripulaci\u00f3n decidi\u00f3 descender de manera preventiva luego de identificar anomal\u00edas t\u00e9cnicas en la aeronave, priorizando la seguridad del mandatario. El aterrizaje se realiz\u00f3 sin incidentes.<\/p>\n\n\n\n<p>Debido a esta situaci\u00f3n, el viaje que el presidente ten\u00eda programado para este jueves a la ciudad de Miami, en Estados Unidos, fue reprogramado para ma\u00f1ana. En esa ciudad est\u00e1 previsto un encuentro bilateral con el presidente estadounidense Donald Trump, como parte de la agenda internacional del mandatario.<\/p>\n\n\n\n<p>La Presidencia precis\u00f3 que el desplazamiento se realizar\u00e1 finalmente en una aerol\u00ednea comercial, con el objetivo de mantener sin cambios la agenda diplom\u00e1tica prevista.<\/p>\n\n\n\n<p>En paralelo, se iniciaron las investigaciones t\u00e9cnicas correspondientes para determinar el origen de la falla detectada en el avi\u00f3n presidencial. Las autoridades indicaron que los resultados de la evaluaci\u00f3n ser\u00e1n comunicados a la poblaci\u00f3n una vez concluyan los an\u00e1lisis especializados.<\/p>\n\n\n\n<p>El Gobierno reiter\u00f3 que todas las decisiones adoptadas respondieron a protocolos de seguridad aeron\u00e1utica y que se continuar\u00e1 informando sobre el estado de la aeronave y el desarrollo de la agenda internacional del presidente.<\/p>\n","protected":false},"excerpt":{"rendered":"<p>El viaje del presidente Rodrigo Paz a Miami qued\u00f3 postergado hasta ma\u00f1ana. La Oficina del&#8230;<\/p>\n","protected":false},"author":1,"featured_media":12702,"comment_status":"closed","ping_status":"closed","sticky":false,"template":"","format":"standard","meta":{"fifu_image_url":"","fifu_image_alt":"","footnotes":""},"categories":[1],"tags":[],"class_list":["post-12701","post","type-post","status-publish","format-standard","has-post-thumbnail","hentry","category-sin-categoria"],"_links":{"self":[{"href":"https:\/\/eldiariovirtual.com\/index.php\/wp-json\/wp\/v2\/posts\/12701","targetHints":{"allow":["GET"]}}],"collection":[{"href":"https:\/\/eldiariovirtual.com\/index.php\/wp-json\/wp\/v2\/posts"}],"about":[{"href":"https:\/\/eldiariovirtual.com\/index.php\/wp-json\/wp\/v2\/types\/post"}],"author":[{"embeddable":true,"href":"https:\/\/eldiariovirtual.com\/index.php\/wp-json\/wp\/v2\/users\/1"}],"replies":[{"embeddable":true,"href":"https:\/\/eldiariovirtual.com\/index.php\/wp-json\/wp\/v2\/comments?post=12701"}],"version-history":[{"count":1,"href":"https:\/\/eldiariovirtual.com\/index.php\/wp-json\/wp\/v2\/posts\/12701\/revisions"}],"predecessor-version":[{"id":12703,"href":"https:\/\/eldiariovirtual.com\/index.php\/wp-json\/wp\/v2\/posts\/12701\/revisions\/12703"}],"wp:featuredmedia":[{"embeddable":true,"href":"https:\/\/eldiariovirtual.com\/index.php\/wp-json\/wp\/v2\/media\/12702"}],"wp:attachment":[{"href":"https:\/\/eldiariovirtual.com\/index.php\/wp-json\/wp\/v2\/media?parent=12701"}],"wp:term":[{"taxonomy":"category","embeddable":true,"href":"https:\/\/eldiariovirtual.com\/index.php\/wp-json\/wp\/v2\/categories?post=12701"},{"taxonomy":"post_tag","embeddable":true,"href":"https:\/\/eldiariovirtual.com\/index.php\/wp-json\/wp\/v2\/tags?post=12701"}],"curies":[{"name":"wp","href":"https:\/\/api.w.org\/{rel}","templated":true}]}}