{"id":12704,"date":"2026-03-05T16:37:46","date_gmt":"2026-03-05T20:37:46","guid":{"rendered":"https:\/\/eldiariovirtual.com\/?p=12704"},"modified":"2026-03-11T16:39:35","modified_gmt":"2026-03-11T20:39:35","slug":"comision-de-diputados-rechaza-ley-para-eliminar-la-renta-vitalicia-de-expresidentes","status":"publish","type":"post","link":"https:\/\/eldiariovirtual.com\/index.php\/2026\/03\/05\/comision-de-diputados-rechaza-ley-para-eliminar-la-renta-vitalicia-de-expresidentes\/","title":{"rendered":"Comisi\u00f3n de Diputados rechaza Ley para eliminar la renta Vitalicia de expresidentes"},"content":{"rendered":"\n<p>La renta vitalicia a los expresidentes y exvicepresidentes est\u00e1 regulada por la ley 376 del 15 de mayo de 2013, fue promulgada por el entonces presidente, Evo Morales y establec\u00eda la renta en 10 salarios m\u00ednimos.<\/p>\n\n\n\n<figure class=\"wp-block-image size-full\"><img loading=\"lazy\" decoding=\"async\" width=\"992\" height=\"558\" src=\"https:\/\/eldiariovirtual.com\/wp-content\/uploads\/2026\/03\/2026030519183716573.webp\" alt=\"\" class=\"wp-image-12705\" srcset=\"https:\/\/eldiariovirtual.com\/wp-content\/uploads\/2026\/03\/2026030519183716573.webp 992w, https:\/\/eldiariovirtual.com\/wp-content\/uploads\/2026\/03\/2026030519183716573-300x169.webp 300w, https:\/\/eldiariovirtual.com\/wp-content\/uploads\/2026\/03\/2026030519183716573-768x432.webp 768w\" sizes=\"auto, (max-width: 992px) 100vw, 992px\" \/><\/figure>\n\n\n\n<p>Expresidentes del pa\u00eds, en un encuentro pasado.<\/p>\n\n\n\n<p>La Comisi\u00f3n de Constituci\u00f3n en la C\u00e1mara de Diputados rechaz\u00f3 el Proyecto de Ley presentado por el vicepresidente Edmand Lara para eliminar la renta vitalicia a exaltas autoridades del Estado.<\/p>\n\n\n\n<p>La Secretaria T\u00e9cnica de la Comisi\u00f3n de Constituci\u00f3n, Legislaci\u00f3n y Sistema Electoral, Kathia Saucedo, afirm\u00f3 que el Proyecto de Ley fue rechazado debido a que su exposici\u00f3n de motivos era \u201cinsuficiente\u201d y el beneficio, dijo, es un \u201cderecho adquirido de los expresidentes\u201d.<\/p>\n\n\n\n<p>\u201cEstamos ante un derecho adquirido de los expresidentes (\u2026) Es un reconocimiento a estas personas que han ocupado estos cargos\u201d, asever\u00f3.<\/p>\n\n\n\n<p>Adem\u00e1s, se\u00f1al\u00f3 que el monto que emplea el Estado para el pago de la renta vitalicia no soluciona los problemas econ\u00f3micos del pa\u00eds y da \u201ccierta estabilidad\u201d a las exautoridades.<\/p>\n\n\n\n<p>\u201cSe trata de presidentes y vicepresidentes que han manejado informaci\u00f3n del Estado muy relevante y que despu\u00e9s de esos cargos es dif\u00edcil una persona vuelva a su vida laboral normal (\u2026) Se trata de preservar la dignidad de estas personas que han desempe\u00f1ado estos altos cargos\u201d, acot\u00f3.<\/p>\n\n\n\n<p>La renta vitalicia a los expresidentes y exvicepresidentes est\u00e1 regulada por la ley 376 del 15 de mayo de 2013, fue promulgada por el entonces presidente, Evo Morales y establec\u00eda la renta en 10 salarios m\u00ednimos. Con el decreto 5503 el monto del salario m\u00ednimo subi\u00f3 a Bs 3.300, de tal suerte que ahora los expresidentes y exvicepresidentes reciben mensualmente Bs 33.000.<\/p>\n","protected":false},"excerpt":{"rendered":"<p>La renta vitalicia a los expresidentes y exvicepresidentes est\u00e1 regulada por la ley 376 del&#8230;<\/p>\n","protected":false},"author":1,"featured_media":12705,"comment_status":"closed","ping_status":"closed","sticky":false,"template":"","format":"standard","meta":{"fifu_image_url":"","fifu_image_alt":"","footnotes":""},"categories":[1],"tags":[],"class_list":["post-12704","post","type-post","status-publish","format-standard","has-post-thumbnail","hentry","category-sin-categoria"],"_links":{"self":[{"href":"https:\/\/eldiariovirtual.com\/index.php\/wp-json\/wp\/v2\/posts\/12704","targetHints":{"allow":["GET"]}}],"collection":[{"href":"https:\/\/eldiariovirtual.com\/index.php\/wp-json\/wp\/v2\/posts"}],"about":[{"href":"https:\/\/eldiariovirtual.com\/index.php\/wp-json\/wp\/v2\/types\/post"}],"author":[{"embeddable":true,"href":"https:\/\/eldiariovirtual.com\/index.php\/wp-json\/wp\/v2\/users\/1"}],"replies":[{"embeddable":true,"href":"https:\/\/eldiariovirtual.com\/index.php\/wp-json\/wp\/v2\/comments?post=12704"}],"version-history":[{"count":1,"href":"https:\/\/eldiariovirtual.com\/index.php\/wp-json\/wp\/v2\/posts\/12704\/revisions"}],"predecessor-version":[{"id":12706,"href":"https:\/\/eldiariovirtual.com\/index.php\/wp-json\/wp\/v2\/posts\/12704\/revisions\/12706"}],"wp:featuredmedia":[{"embeddable":true,"href":"https:\/\/eldiariovirtual.com\/index.php\/wp-json\/wp\/v2\/media\/12705"}],"wp:attachment":[{"href":"https:\/\/eldiariovirtual.com\/index.php\/wp-json\/wp\/v2\/media?parent=12704"}],"wp:term":[{"taxonomy":"category","embeddable":true,"href":"https:\/\/eldiariovirtual.com\/index.php\/wp-json\/wp\/v2\/categories?post=12704"},{"taxonomy":"post_tag","embeddable":true,"href":"https:\/\/eldiariovirtual.com\/index.php\/wp-json\/wp\/v2\/tags?post=12704"}],"curies":[{"name":"wp","href":"https:\/\/api.w.org\/{rel}","templated":true}]}}