{"id":12707,"date":"2026-03-06T16:40:51","date_gmt":"2026-03-06T20:40:51","guid":{"rendered":"https:\/\/eldiariovirtual.com\/?p=12707"},"modified":"2026-03-11T16:46:56","modified_gmt":"2026-03-11T20:46:56","slug":"fiscalia-abre-investigacion-por-deterioro-de-bienes-del-estado-tras-accidente-en-el-alto","status":"publish","type":"post","link":"https:\/\/eldiariovirtual.com\/index.php\/2026\/03\/06\/fiscalia-abre-investigacion-por-deterioro-de-bienes-del-estado-tras-accidente-en-el-alto\/","title":{"rendered":"Fiscal\u00eda abre investigaci\u00f3n por \u00abDeterioro de Bienes del Estado\u00bb tras accidente en El Alto"},"content":{"rendered":"\n<p>En conferencia de prensa, Mariaca explic\u00f3 que el avi\u00f3n accidentado y destruido el pasado viernes \u201cpertenece a todos los bolivianos\u201d al haber sido de las FAB.<\/p>\n\n\n\n<figure class=\"wp-block-image size-full\"><img loading=\"lazy\" decoding=\"async\" width=\"992\" height=\"558\" src=\"https:\/\/eldiariovirtual.com\/wp-content\/uploads\/2026\/03\/2026030212265664885-1.webp\" alt=\"\" class=\"wp-image-12708\" srcset=\"https:\/\/eldiariovirtual.com\/wp-content\/uploads\/2026\/03\/2026030212265664885-1.webp 992w, https:\/\/eldiariovirtual.com\/wp-content\/uploads\/2026\/03\/2026030212265664885-1-300x169.webp 300w, https:\/\/eldiariovirtual.com\/wp-content\/uploads\/2026\/03\/2026030212265664885-1-768x432.webp 768w\" sizes=\"auto, (max-width: 992px) 100vw, 992px\" \/><\/figure>\n\n\n\n<p>Imagen del accidente a\u00e9reo en El Alto.<\/p>\n\n\n\n<p>El fiscal general del Estado, Roger Mariaca, inform\u00f3 que se abri\u00f3 una investigaci\u00f3n por el delito de \u201cDeterioro de Bienes del Estado\u201d por el accidente del Avi\u00f3n H\u00e9rcules de la Fuerza A\u00e9rea Boliviana (FAB) el pasado viernes.<\/p>\n\n\n\n<p>En conferencia de prensa, Mariaca explic\u00f3 que el avi\u00f3n accidentado y destruido el pasado viernes \u201cpertenece a todos los bolivianos\u201d al haber sido de las FAB.<\/p>\n\n\n\n<p>\u201cSe ha conformado una comisi\u00f3n de fiscales que contin\u00faan llamando a declarar. Se ha recolectado parte de la evidencia\u201d, se\u00f1al\u00f3.<\/p>\n\n\n\n<p>Mariaca, en ese sentido, se\u00f1al\u00f3 que se deber\u00e1 determinar si quienes ten\u00edan la misi\u00f3n de pilotear la aeronave tuvieron alguna responsabilidad.<\/p>\n\n\n\n<p>\u201cVer si fueron responsables los que conduc\u00edan el avi\u00f3n, si cumpl\u00edan o no con las caracter\u00edsticas para llevar adelante una nave tan grande. Por qu\u00e9 no decirlo, est\u00e1 investig\u00e1ndose tambi\u00e9n a los que ordenan que se pueda usar o no estos bienes\u201d, asever\u00f3.<\/p>\n\n\n\n<p>El avi\u00f3n accidentado transportaba m\u00e1s de 17 millones de piezas de billetes de la \u2018Serie B\u2019 de los cortes de Bs 10, Bs 20 y Bs 30, que deb\u00edan ser entregados en b\u00f3vedas del BCB.<\/p>\n\n\n\n<p>Tras el accidente, gente rob\u00f3 parte de los billetes y otra parte est\u00e1 en manos de la Fiscal\u00eda para las pesquisas correspondientes.<\/p>\n\n\n\n<p>El pasado martes se supo que el piloto del avi\u00f3n H\u00e9rcules C-130 de la Fuerza \u00c1rea Boliviana (FAB) tambi\u00e9n es procesado por el delito de \u201cmuerte de personas\u201d, seg\u00fan confirm\u00f3 su abogado, Ricardo Maldonado.<\/p>\n","protected":false},"excerpt":{"rendered":"<p>En conferencia de prensa, Mariaca explic\u00f3 que el avi\u00f3n accidentado y destruido el pasado viernes&#8230;<\/p>\n","protected":false},"author":1,"featured_media":12708,"comment_status":"closed","ping_status":"closed","sticky":false,"template":"","format":"standard","meta":{"fifu_image_url":"","fifu_image_alt":"","footnotes":""},"categories":[1],"tags":[],"class_list":["post-12707","post","type-post","status-publish","format-standard","has-post-thumbnail","hentry","category-sin-categoria"],"_links":{"self":[{"href":"https:\/\/eldiariovirtual.com\/index.php\/wp-json\/wp\/v2\/posts\/12707","targetHints":{"allow":["GET"]}}],"collection":[{"href":"https:\/\/eldiariovirtual.com\/index.php\/wp-json\/wp\/v2\/posts"}],"about":[{"href":"https:\/\/eldiariovirtual.com\/index.php\/wp-json\/wp\/v2\/types\/post"}],"author":[{"embeddable":true,"href":"https:\/\/eldiariovirtual.com\/index.php\/wp-json\/wp\/v2\/users\/1"}],"replies":[{"embeddable":true,"href":"https:\/\/eldiariovirtual.com\/index.php\/wp-json\/wp\/v2\/comments?post=12707"}],"version-history":[{"count":1,"href":"https:\/\/eldiariovirtual.com\/index.php\/wp-json\/wp\/v2\/posts\/12707\/revisions"}],"predecessor-version":[{"id":12709,"href":"https:\/\/eldiariovirtual.com\/index.php\/wp-json\/wp\/v2\/posts\/12707\/revisions\/12709"}],"wp:featuredmedia":[{"embeddable":true,"href":"https:\/\/eldiariovirtual.com\/index.php\/wp-json\/wp\/v2\/media\/12708"}],"wp:attachment":[{"href":"https:\/\/eldiariovirtual.com\/index.php\/wp-json\/wp\/v2\/media?parent=12707"}],"wp:term":[{"taxonomy":"category","embeddable":true,"href":"https:\/\/eldiariovirtual.com\/index.php\/wp-json\/wp\/v2\/categories?post=12707"},{"taxonomy":"post_tag","embeddable":true,"href":"https:\/\/eldiariovirtual.com\/index.php\/wp-json\/wp\/v2\/tags?post=12707"}],"curies":[{"name":"wp","href":"https:\/\/api.w.org\/{rel}","templated":true}]}}