{"id":12710,"date":"2026-03-06T16:44:42","date_gmt":"2026-03-06T20:44:42","guid":{"rendered":"https:\/\/eldiariovirtual.com\/?p=12710"},"modified":"2026-03-11T16:46:34","modified_gmt":"2026-03-11T20:46:34","slug":"boa-transporta-al-presidente-paz-y-a-la-primera-dama-rumbo-a-eeuu-en-viaje-oficial","status":"publish","type":"post","link":"https:\/\/eldiariovirtual.com\/index.php\/2026\/03\/06\/boa-transporta-al-presidente-paz-y-a-la-primera-dama-rumbo-a-eeuu-en-viaje-oficial\/","title":{"rendered":"BoA transporta al presidente Paz y a la primera dama rumbo a EEUU en viaje oficial"},"content":{"rendered":"\n<p>La Casa Blanca confirm\u00f3 la participaci\u00f3n de Bolivia y otras naciones latinoamericanas en la cumbre de mandatarios convocada por el presidente de Estados Unidos, Donald Trump, que se realizar\u00e1 este fin de semana en Miami.<\/p>\n\n\n\n<figure class=\"wp-block-image size-full\"><img loading=\"lazy\" decoding=\"async\" width=\"991\" height=\"558\" src=\"https:\/\/eldiariovirtual.com\/wp-content\/uploads\/2026\/03\/2026030616074498800.webp\" alt=\"\" class=\"wp-image-12711\" srcset=\"https:\/\/eldiariovirtual.com\/wp-content\/uploads\/2026\/03\/2026030616074498800.webp 991w, https:\/\/eldiariovirtual.com\/wp-content\/uploads\/2026\/03\/2026030616074498800-300x169.webp 300w, https:\/\/eldiariovirtual.com\/wp-content\/uploads\/2026\/03\/2026030616074498800-768x432.webp 768w\" sizes=\"auto, (max-width: 991px) 100vw, 991px\" \/><\/figure>\n\n\n\n<p>El presidente Rodrigo Pazy la primera dama Mar\u00eda Elena Urquidi.<\/p>\n\n\n\n<p>El presidente, Rodrigo Paz, viaj\u00f3 este viernes a Estados Unidos acompa\u00f1ado de la primera dama, Mar\u00eda Elena Urquidi, en un vuelo comercial de la aerol\u00ednea estatal Boliviana de Aviaci\u00f3n (BoA).<\/p>\n\n\n\n<p>\u201cLa aerol\u00ednea estatal Boliviana de Aviaci\u00f3n (BoA) se enorgullece de transportar al presidente Rodrigo Paz y a la primera dama rumbo a Estados Unidos, donde el mandatario cumplir\u00e1 una importante agenda internacional de trabajo\u201d, inform\u00f3 la empresa.<\/p>\n\n\n\n<h2 class=\"wp-block-heading\"><strong>CASA BLANCA<\/strong><\/h2>\n\n\n\n<p>La Casa Blanca confirm\u00f3 la participaci\u00f3n de Bolivia y otras naciones latinoamericanas en la cumbre de mandatarios convocada por el presidente de Estados Unidos, Donald Trump, que se realizar\u00e1 este fin de semana en Miami.<\/p>\n\n\n\n<p>La portavoz de la Casa Blanca, Karoline Leavitt, se\u00f1al\u00f3 que el encuentro, denominado \u201cEscudo de las Am\u00e9ricas\u201d, tiene como objetivo \u201cpromover la libertad, la seguridad y la prosperidad en nuestra regi\u00f3n\u201d.<\/p>\n\n\n\n<p>Entre los asistentes figuran los presidentes y l\u00edderes de Argentina, Javier Milei; Chile, el presidente electo Jos\u00e9 Antonio Kast; Bolivia, Rodrigo Paz; Costa Rica, Rodrigo Chaves; Rep\u00fablica Dominicana, Luis Abinader; Ecuador, Daniel Noboa; El Salvador, Nayib Bukele; Honduras, Nasry Asfura; Panam\u00e1, Jos\u00e9 Ra\u00fal Mulino; Paraguay, Santiago Pe\u00f1a; y la primera ministra de Trinidad y Tobago, Kamla Persad-Bissessar.<\/p>\n\n\n\n<p>Leavitt destac\u00f3 que Trump conversar\u00e1 con los l\u00edderes sobre \u201cla formaci\u00f3n de una coalici\u00f3n hist\u00f3rica para combatir las bandas y carteles de narcotr\u00e1fico, as\u00ed como la inmigraci\u00f3n ilegal y masiva\u201d, seg\u00fan medios internacionales.<\/p>\n\n\n\n<p>La cumbre tambi\u00e9n busca contener la influencia de China en la regi\u00f3n y reforzar el liderazgo de Estados Unidos en el continente americano.<\/p>\n","protected":false},"excerpt":{"rendered":"<p>La Casa Blanca confirm\u00f3 la participaci\u00f3n de Bolivia y otras naciones latinoamericanas en la cumbre&#8230;<\/p>\n","protected":false},"author":1,"featured_media":12711,"comment_status":"closed","ping_status":"closed","sticky":false,"template":"","format":"standard","meta":{"fifu_image_url":"","fifu_image_alt":"","footnotes":""},"categories":[1],"tags":[],"class_list":["post-12710","post","type-post","status-publish","format-standard","has-post-thumbnail","hentry","category-sin-categoria"],"_links":{"self":[{"href":"https:\/\/eldiariovirtual.com\/index.php\/wp-json\/wp\/v2\/posts\/12710","targetHints":{"allow":["GET"]}}],"collection":[{"href":"https:\/\/eldiariovirtual.com\/index.php\/wp-json\/wp\/v2\/posts"}],"about":[{"href":"https:\/\/eldiariovirtual.com\/index.php\/wp-json\/wp\/v2\/types\/post"}],"author":[{"embeddable":true,"href":"https:\/\/eldiariovirtual.com\/index.php\/wp-json\/wp\/v2\/users\/1"}],"replies":[{"embeddable":true,"href":"https:\/\/eldiariovirtual.com\/index.php\/wp-json\/wp\/v2\/comments?post=12710"}],"version-history":[{"count":1,"href":"https:\/\/eldiariovirtual.com\/index.php\/wp-json\/wp\/v2\/posts\/12710\/revisions"}],"predecessor-version":[{"id":12712,"href":"https:\/\/eldiariovirtual.com\/index.php\/wp-json\/wp\/v2\/posts\/12710\/revisions\/12712"}],"wp:featuredmedia":[{"embeddable":true,"href":"https:\/\/eldiariovirtual.com\/index.php\/wp-json\/wp\/v2\/media\/12711"}],"wp:attachment":[{"href":"https:\/\/eldiariovirtual.com\/index.php\/wp-json\/wp\/v2\/media?parent=12710"}],"wp:term":[{"taxonomy":"category","embeddable":true,"href":"https:\/\/eldiariovirtual.com\/index.php\/wp-json\/wp\/v2\/categories?post=12710"},{"taxonomy":"post_tag","embeddable":true,"href":"https:\/\/eldiariovirtual.com\/index.php\/wp-json\/wp\/v2\/tags?post=12710"}],"curies":[{"name":"wp","href":"https:\/\/api.w.org\/{rel}","templated":true}]}}