{"id":12713,"date":"2026-03-07T16:50:27","date_gmt":"2026-03-07T20:50:27","guid":{"rendered":"https:\/\/eldiariovirtual.com\/?p=12713"},"modified":"2026-03-11T16:54:58","modified_gmt":"2026-03-11T20:54:58","slug":"lara-da-apoyo-legal-a-detenidos-tras-accidente-aereo-y-avisa-que-el-poder-no-es-eterno","status":"publish","type":"post","link":"https:\/\/eldiariovirtual.com\/index.php\/2026\/03\/07\/lara-da-apoyo-legal-a-detenidos-tras-accidente-aereo-y-avisa-que-el-poder-no-es-eterno\/","title":{"rendered":"Lara da apoyo legal a detenidos tras accidente a\u00e9reo y avisa que &#8216;el poder no es eterno&#8217;"},"content":{"rendered":"\n<p>Seg\u00fan el Vicepresidente, las detenciones buscan \u201ctapar la mentira\u201d de las autoridades de Gobierno.<\/p>\n\n\n\n<figure class=\"wp-block-image size-full\"><img loading=\"lazy\" decoding=\"async\" width=\"992\" height=\"558\" src=\"https:\/\/eldiariovirtual.com\/wp-content\/uploads\/2026\/03\/2026030321414372441.webp\" alt=\"\" class=\"wp-image-12714\" srcset=\"https:\/\/eldiariovirtual.com\/wp-content\/uploads\/2026\/03\/2026030321414372441.webp 992w, https:\/\/eldiariovirtual.com\/wp-content\/uploads\/2026\/03\/2026030321414372441-300x169.webp 300w, https:\/\/eldiariovirtual.com\/wp-content\/uploads\/2026\/03\/2026030321414372441-768x432.webp 768w\" sizes=\"auto, (max-width: 992px) 100vw, 992px\" \/><\/figure>\n\n\n\n<p>El vicepresidente Edmand Lara en una conferencia de prensa.<\/p>\n\n\n\n<p>El vicepresidente del Estado, Edmand Lara, inform\u00f3 ayer&nbsp;que conform\u00f3 un equipo jur\u00eddico para defender a las personas que est\u00e1n detenidas por presuntamente haber robado billetes que eran transportados por un avi\u00f3n de la Fuerza A\u00e9reo Boliviano (FAB) que se estrell\u00f3 en El Alto la pasada semana.<\/p>\n\n\n\n<p>Pidi\u00f3 a los familiares que lo busquen&nbsp;para avanzar en ese proceso.<\/p>\n\n\n\n<p>\u201cTodos los familiares de los que est\u00e1n detenidos, b\u00fasquenme. Hemos armado un equipo jur\u00eddico, hay gente que injustamente est\u00e1 con detenci\u00f3n preventiva\u201d, asever\u00f3 en contacto con los medios.<\/p>\n\n\n\n<p>Seg\u00fan el Vicepresidente, las detenciones buscan \u201ctapar la mentira\u201d de las autoridades de Gobierno.<\/p>\n\n\n\n<p>\u201cHay delincuentes de saco y corbata que han provocado estas cosas y no les hacen nada\u201d, acot\u00f3.<\/p>\n\n\n\n<p>Agreg\u00f3 que \u201chay personas con poder que est\u00e1n detr\u00e1s de lo que ocurri\u00f3 y que permanecen impunes. \u201cPero el poder no es eterno, no se crean intocables, no se crean poderosos. Todo pasa en la vida, y todo aquel que obra mal, mal acaba. As\u00ed que yo les pido a todos aquellos que est\u00e1n obrando mal, reparen los da\u00f1os, asuman la responsabilidad y resp\u00f3ndanle al pueblo con valent\u00eda y siempre con verdad\u201d.<\/p>\n\n\n\n<p>El viernes, un avi\u00f3n de la Fuerza A\u00e9rea Boliviana (FAB) que transportaba, para su dep\u00f3sito en b\u00f3vedas del BCB, m\u00e1s de 17 millones de piezas de billetes de la \u2018Serie B\u2019 de Bs 10, Bs 20 y Bs 50 se estrell\u00f3 en El Alto<\/p>\n\n\n\n<p>Tras el incidente, gente se acerc\u00f3 al lugar para robar parte de los billetes que quedaron en el lugar y, en ese contexto, el BCB orden\u00f3 a la Polic\u00eda quemar parte de las piezas para evitar una escalada de la tensi\u00f3n.<\/p>\n\n\n\n<p>Hasta ahora, se iniciaron procesos que derivaron en la detenci\u00f3n preventiva de 19 personas y domiciliaria de otros 15.<\/p>\n","protected":false},"excerpt":{"rendered":"<p>Seg\u00fan el Vicepresidente, las detenciones buscan \u201ctapar la mentira\u201d de las autoridades de Gobierno. El&#8230;<\/p>\n","protected":false},"author":1,"featured_media":12714,"comment_status":"closed","ping_status":"closed","sticky":false,"template":"","format":"standard","meta":{"fifu_image_url":"","fifu_image_alt":"","footnotes":""},"categories":[1],"tags":[],"class_list":["post-12713","post","type-post","status-publish","format-standard","has-post-thumbnail","hentry","category-sin-categoria"],"_links":{"self":[{"href":"https:\/\/eldiariovirtual.com\/index.php\/wp-json\/wp\/v2\/posts\/12713","targetHints":{"allow":["GET"]}}],"collection":[{"href":"https:\/\/eldiariovirtual.com\/index.php\/wp-json\/wp\/v2\/posts"}],"about":[{"href":"https:\/\/eldiariovirtual.com\/index.php\/wp-json\/wp\/v2\/types\/post"}],"author":[{"embeddable":true,"href":"https:\/\/eldiariovirtual.com\/index.php\/wp-json\/wp\/v2\/users\/1"}],"replies":[{"embeddable":true,"href":"https:\/\/eldiariovirtual.com\/index.php\/wp-json\/wp\/v2\/comments?post=12713"}],"version-history":[{"count":1,"href":"https:\/\/eldiariovirtual.com\/index.php\/wp-json\/wp\/v2\/posts\/12713\/revisions"}],"predecessor-version":[{"id":12715,"href":"https:\/\/eldiariovirtual.com\/index.php\/wp-json\/wp\/v2\/posts\/12713\/revisions\/12715"}],"wp:featuredmedia":[{"embeddable":true,"href":"https:\/\/eldiariovirtual.com\/index.php\/wp-json\/wp\/v2\/media\/12714"}],"wp:attachment":[{"href":"https:\/\/eldiariovirtual.com\/index.php\/wp-json\/wp\/v2\/media?parent=12713"}],"wp:term":[{"taxonomy":"category","embeddable":true,"href":"https:\/\/eldiariovirtual.com\/index.php\/wp-json\/wp\/v2\/categories?post=12713"},{"taxonomy":"post_tag","embeddable":true,"href":"https:\/\/eldiariovirtual.com\/index.php\/wp-json\/wp\/v2\/tags?post=12713"}],"curies":[{"name":"wp","href":"https:\/\/api.w.org\/{rel}","templated":true}]}}