{"id":12719,"date":"2026-03-08T16:59:09","date_gmt":"2026-03-08T20:59:09","guid":{"rendered":"https:\/\/eldiariovirtual.com\/?p=12719"},"modified":"2026-03-11T16:59:47","modified_gmt":"2026-03-11T20:59:47","slug":"evo-sobre-subnacionales-estoy-segurisimo-habra-sorpresas","status":"publish","type":"post","link":"https:\/\/eldiariovirtual.com\/index.php\/2026\/03\/08\/evo-sobre-subnacionales-estoy-segurisimo-habra-sorpresas\/","title":{"rendered":"Evo, sobre subnacionales: \u2018Estoy segur\u00edsimo, habr\u00e1 sorpresas\u2019"},"content":{"rendered":"\n<p>Tambi\u00e9n denunci\u00f3 intentos de confundir al electorado mediante el uso de su imagen por parte de otros candidatos.<\/p>\n\n\n\n<figure class=\"wp-block-image size-full\"><img loading=\"lazy\" decoding=\"async\" width=\"992\" height=\"557\" src=\"https:\/\/eldiariovirtual.com\/wp-content\/uploads\/2026\/03\/2025122611141781718.webp\" alt=\"\" class=\"wp-image-12720\" srcset=\"https:\/\/eldiariovirtual.com\/wp-content\/uploads\/2026\/03\/2025122611141781718.webp 992w, https:\/\/eldiariovirtual.com\/wp-content\/uploads\/2026\/03\/2025122611141781718-300x168.webp 300w, https:\/\/eldiariovirtual.com\/wp-content\/uploads\/2026\/03\/2025122611141781718-768x431.webp 768w\" sizes=\"auto, (max-width: 992px) 100vw, 992px\" \/><\/figure>\n\n\n\n<p>El expresidente, Evo Morales.<\/p>\n\n\n\n<p>El expresidente de Bolivia y l\u00edder cocalero, Evo Morales, se pronunci\u00f3 sobre el escenario electoral de cara a los comicios subnacionales del pr\u00f3ximo 22 de marzo. Durante sus declaraciones, Morales mostr\u00f3 optimismo respecto al desempe\u00f1o de su agrupaci\u00f3n, Evo Pueblo, y aprovech\u00f3 para marcar una l\u00ednea clara sobre sus candidaturas oficiales, especialmente en el departamento de Santa Cruz.<\/p>\n\n\n\n<p>Morales asegur\u00f3 que el despliegue territorial de su organizaci\u00f3n permitir\u00e1 obtener resultados inesperados en varios municipios del pa\u00eds.<\/p>\n\n\n\n<h2 class=\"wp-block-heading\"><strong>80 PARTIDOS<\/strong><\/h2>\n\n\n\n<p>\u00abYo estoy segur\u00edsimo, va a haber sorpresa en alguna alcald\u00eda de ciudades, alcald\u00edas\u00bb, afirm\u00f3 el l\u00edder pol\u00edtico, destacando que actualmente cuentan con presencia en cerca de 80 partidos y agrupaciones de candidatos.<\/p>\n\n\n\n<p>Asimismo, resalt\u00f3 la labor proselitista que se realiza en el basti\u00f3n de Cochabamba a trav\u00e9s del candidato a gobernador, Leonardo Loza, de quien destac\u00f3 sus \u00abcampa\u00f1as permanentes\u00bb en la regi\u00f3n.<\/p>\n\n\n\n<p>\u00abQuiero aprovechar nuevamente el \u00fanico candidato que representa a Evo Pueblo en el departamento de Santa Cruz, compa\u00f1ero hermano Kadima y Jacinto Herrera, no hay otro m\u00e1s\u00bb, asever\u00f3 Morales.<\/p>\n\n\n\n<p>El exmandatario denunci\u00f3 intentos de confundir al electorado mediante el uso de su imagen por parte de otros candidatos.<\/p>\n\n\n\n<p>&nbsp;\u00abLamento mucho a algunos, aqu\u00ed aparece para confundir, para tergiversar\u00bb, se\u00f1al\u00f3.<\/p>\n\n\n\n<p>Finalmente, Morales lanz\u00f3 una advertencia sobre la disciplina dentro de su agrupaci\u00f3n, mencionando que no aceptar\u00e1 que se utilice el nombre de sus colaboradores para favorecer a candidatos de otras tendencias.<\/p>\n\n\n\n<p>&nbsp;\u00abEvidentemente algunos candidatos hacen llamar con otra gente, &#8216;apoyanos, queremos estar en la segunda vuelta&#8217;. No acepto, usando a algunos compa\u00f1eros nuestros\u00bb, sentenci\u00f3, subrayando que las muestras de afecto o reuniones con delegaciones no deben ser interpretadas como respaldos pol\u00edticos fuera de los marcos oficiales.<\/p>\n","protected":false},"excerpt":{"rendered":"<p>Tambi\u00e9n denunci\u00f3 intentos de confundir al electorado mediante el uso de su imagen por parte&#8230;<\/p>\n","protected":false},"author":1,"featured_media":12720,"comment_status":"closed","ping_status":"closed","sticky":false,"template":"","format":"standard","meta":{"fifu_image_url":"","fifu_image_alt":"","footnotes":""},"categories":[1],"tags":[],"class_list":["post-12719","post","type-post","status-publish","format-standard","has-post-thumbnail","hentry","category-sin-categoria"],"_links":{"self":[{"href":"https:\/\/eldiariovirtual.com\/index.php\/wp-json\/wp\/v2\/posts\/12719","targetHints":{"allow":["GET"]}}],"collection":[{"href":"https:\/\/eldiariovirtual.com\/index.php\/wp-json\/wp\/v2\/posts"}],"about":[{"href":"https:\/\/eldiariovirtual.com\/index.php\/wp-json\/wp\/v2\/types\/post"}],"author":[{"embeddable":true,"href":"https:\/\/eldiariovirtual.com\/index.php\/wp-json\/wp\/v2\/users\/1"}],"replies":[{"embeddable":true,"href":"https:\/\/eldiariovirtual.com\/index.php\/wp-json\/wp\/v2\/comments?post=12719"}],"version-history":[{"count":1,"href":"https:\/\/eldiariovirtual.com\/index.php\/wp-json\/wp\/v2\/posts\/12719\/revisions"}],"predecessor-version":[{"id":12721,"href":"https:\/\/eldiariovirtual.com\/index.php\/wp-json\/wp\/v2\/posts\/12719\/revisions\/12721"}],"wp:featuredmedia":[{"embeddable":true,"href":"https:\/\/eldiariovirtual.com\/index.php\/wp-json\/wp\/v2\/media\/12720"}],"wp:attachment":[{"href":"https:\/\/eldiariovirtual.com\/index.php\/wp-json\/wp\/v2\/media?parent=12719"}],"wp:term":[{"taxonomy":"category","embeddable":true,"href":"https:\/\/eldiariovirtual.com\/index.php\/wp-json\/wp\/v2\/categories?post=12719"},{"taxonomy":"post_tag","embeddable":true,"href":"https:\/\/eldiariovirtual.com\/index.php\/wp-json\/wp\/v2\/tags?post=12719"}],"curies":[{"name":"wp","href":"https:\/\/api.w.org\/{rel}","templated":true}]}}