{"id":12722,"date":"2026-03-08T17:00:33","date_gmt":"2026-03-08T21:00:33","guid":{"rendered":"https:\/\/eldiariovirtual.com\/?p=12722"},"modified":"2026-03-11T17:03:07","modified_gmt":"2026-03-11T21:03:07","slug":"barrientos-deja-el-gobierno-y-los-civicos-celebran-es-lo-mas-sensato","status":"publish","type":"post","link":"https:\/\/eldiariovirtual.com\/index.php\/2026\/03\/08\/barrientos-deja-el-gobierno-y-los-civicos-celebran-es-lo-mas-sensato\/","title":{"rendered":"Barrientos deja el Gobierno y los c\u00edvicos celebran: \u2018Es lo m\u00e1s sensato\u2019"},"content":{"rendered":"\n<figure class=\"wp-block-image size-full\"><img loading=\"lazy\" decoding=\"async\" width=\"991\" height=\"558\" src=\"https:\/\/eldiariovirtual.com\/wp-content\/uploads\/2026\/03\/2025120312205211281.webp\" alt=\"\" class=\"wp-image-12723\" srcset=\"https:\/\/eldiariovirtual.com\/wp-content\/uploads\/2026\/03\/2025120312205211281.webp 991w, https:\/\/eldiariovirtual.com\/wp-content\/uploads\/2026\/03\/2025120312205211281-300x169.webp 300w, https:\/\/eldiariovirtual.com\/wp-content\/uploads\/2026\/03\/2025120312205211281-768x432.webp 768w\" sizes=\"auto, (max-width: 991px) 100vw, 991px\" \/><\/figure>\n\n\n\n<p>La viceministra de Autonom\u00edas, Andrea Barrientos.\u00a0<\/p>\n\n\n\n<p>Los c\u00edvicos de Santa Cruz mostraron su satisfacci\u00f3n tras el alejamiento de Andrea Barrientos del despacho del Viceministerio de Autonom\u00edas.<\/p>\n\n\n\n<p>\u201cEs lo m\u00e1s sensato que ha podido hacer en este tiempo como viceministra. Definitivamente, el cargo no solo le qued\u00f3 grande, sino que ella no ten\u00eda la m\u00ednima intenci\u00f3n de trabajar por el cargo que ten\u00eda\u201d, analiz\u00f3 el titular del Comit\u00e9 C\u00edvico pro Santa Cruz, Stello Cochamanidis, al tiempo de exigir que hayan delegados que se dediquen \u201cexclusivamente\u201d al 50\/50 en cada departamento.<\/p>\n\n\n\n<p>Barrientos decidi\u00f3 renunciar a su cartera tras la ola de cuestionamientos por parte de sectores cruce\u00f1os, quienes la tildaron como centralista.<\/p>\n","protected":false},"excerpt":{"rendered":"<p>La viceministra de Autonom\u00edas, Andrea Barrientos.\u00a0 Los c\u00edvicos de Santa Cruz mostraron su satisfacci\u00f3n tras&#8230;<\/p>\n","protected":false},"author":1,"featured_media":12723,"comment_status":"closed","ping_status":"closed","sticky":false,"template":"","format":"standard","meta":{"fifu_image_url":"","fifu_image_alt":"","footnotes":""},"categories":[1],"tags":[],"class_list":["post-12722","post","type-post","status-publish","format-standard","has-post-thumbnail","hentry","category-sin-categoria"],"_links":{"self":[{"href":"https:\/\/eldiariovirtual.com\/index.php\/wp-json\/wp\/v2\/posts\/12722","targetHints":{"allow":["GET"]}}],"collection":[{"href":"https:\/\/eldiariovirtual.com\/index.php\/wp-json\/wp\/v2\/posts"}],"about":[{"href":"https:\/\/eldiariovirtual.com\/index.php\/wp-json\/wp\/v2\/types\/post"}],"author":[{"embeddable":true,"href":"https:\/\/eldiariovirtual.com\/index.php\/wp-json\/wp\/v2\/users\/1"}],"replies":[{"embeddable":true,"href":"https:\/\/eldiariovirtual.com\/index.php\/wp-json\/wp\/v2\/comments?post=12722"}],"version-history":[{"count":1,"href":"https:\/\/eldiariovirtual.com\/index.php\/wp-json\/wp\/v2\/posts\/12722\/revisions"}],"predecessor-version":[{"id":12724,"href":"https:\/\/eldiariovirtual.com\/index.php\/wp-json\/wp\/v2\/posts\/12722\/revisions\/12724"}],"wp:featuredmedia":[{"embeddable":true,"href":"https:\/\/eldiariovirtual.com\/index.php\/wp-json\/wp\/v2\/media\/12723"}],"wp:attachment":[{"href":"https:\/\/eldiariovirtual.com\/index.php\/wp-json\/wp\/v2\/media?parent=12722"}],"wp:term":[{"taxonomy":"category","embeddable":true,"href":"https:\/\/eldiariovirtual.com\/index.php\/wp-json\/wp\/v2\/categories?post=12722"},{"taxonomy":"post_tag","embeddable":true,"href":"https:\/\/eldiariovirtual.com\/index.php\/wp-json\/wp\/v2\/tags?post=12722"}],"curies":[{"name":"wp","href":"https:\/\/api.w.org\/{rel}","templated":true}]}}