{"id":12728,"date":"2026-03-09T17:08:16","date_gmt":"2026-03-09T21:08:16","guid":{"rendered":"https:\/\/eldiariovirtual.com\/?p=12728"},"modified":"2026-03-11T17:10:22","modified_gmt":"2026-03-11T21:10:22","slug":"gobierno-descarta-incremento-de-combustibles-pese-a-alza-del-petroleo-internacional","status":"publish","type":"post","link":"https:\/\/eldiariovirtual.com\/index.php\/2026\/03\/09\/gobierno-descarta-incremento-de-combustibles-pese-a-alza-del-petroleo-internacional\/","title":{"rendered":"Gobierno descarta incremento de combustibles pese a alza del petr\u00f3leo internacional"},"content":{"rendered":"\n<p>\u201cLas decisiones de un gobierno no se toman por el precio de un d\u00eda o de dos d\u00edas. Primero hay que ver si esta subida es permanente o solo coyuntural\u201d, afirm\u00f3 Espinoza.<\/p>\n\n\n\n<figure class=\"wp-block-image size-full\"><img loading=\"lazy\" decoding=\"async\" width=\"992\" height=\"558\" src=\"https:\/\/eldiariovirtual.com\/wp-content\/uploads\/2026\/03\/2026030919410129882.webp\" alt=\"\" class=\"wp-image-12729\" srcset=\"https:\/\/eldiariovirtual.com\/wp-content\/uploads\/2026\/03\/2026030919410129882.webp 992w, https:\/\/eldiariovirtual.com\/wp-content\/uploads\/2026\/03\/2026030919410129882-300x169.webp 300w, https:\/\/eldiariovirtual.com\/wp-content\/uploads\/2026\/03\/2026030919410129882-768x432.webp 768w\" sizes=\"auto, (max-width: 992px) 100vw, 992px\" \/><\/figure>\n\n\n\n<p>El ministro de Econom\u00eda, Jos\u00e9 Gabriel Espinoza.<\/p>\n\n\n\n<p>El ministro de Econom\u00eda y Finanzas P\u00fablicas, Jos\u00e9 Gabriel Espinoza, asegur\u00f3 este lunes que el Gobierno no tomar\u00e1 decisiones apresuradas respecto al incremento del precio internacional del petr\u00f3leo, destacando que el mercado global es altamente vol\u00e1til y que las medidas econ\u00f3micas deben basarse en tendencias sostenidas, no en variaciones moment\u00e1neas.<\/p>\n\n\n\n<p>Durante una conferencia de prensa, la autoridad detall\u00f3 que en los \u00faltimos d\u00edas el precio del barril de petr\u00f3leo ha registrado fluctuaciones importantes, alcanzando niveles entre 110 y 120 d\u00f3lares, aunque posteriormente volvi\u00f3 a descender.<\/p>\n\n\n\n<p>\u201cLas decisiones de un gobierno no se toman por el precio de un d\u00eda o de dos d\u00edas. Primero hay que ver si esta subida es permanente o solo coyuntural\u201d, afirm\u00f3 Espinoza.<\/p>\n\n\n\n<p>El ministro subray\u00f3 que anunciar un aumento en los combustibles bas\u00e1ndose \u00fanicamente en picos temporales ser\u00eda una decisi\u00f3n irresponsable, considerando que el comportamiento del mercado internacional puede cambiar en cuesti\u00f3n de d\u00edas. Adem\u00e1s, record\u00f3 que el combustible que se distribuye actualmente en el pa\u00eds fue adquirido con anticipaci\u00f3n, generalmente en periodos de entre 20 y 30 d\u00edas, por lo que los precios externos no afectan de inmediato al abastecimiento interno.<\/p>\n\n\n\n<p>Espinoza inform\u00f3 que el Gobierno trabaja en una estrategia para importar petr\u00f3leo crudo y aprovechar la capacidad de refinaci\u00f3n nacional, lo que permitir\u00e1 reducir el impacto de las variaciones del mercado internacional.<\/p>\n\n\n\n<p>\u201cEn el pasado Bolivia priorizaba la importaci\u00f3n de di\u00e9sel y gasolina, mientras que ahora se busca fortalecer el proceso de refinaci\u00f3n interna. Esto permitir\u00e1 que los incrementos del precio del petr\u00f3leo en el exterior no impacten como antes en nuestra econom\u00eda\u201d, explic\u00f3.<\/p>\n","protected":false},"excerpt":{"rendered":"<p>\u201cLas decisiones de un gobierno no se toman por el precio de un d\u00eda o&#8230;<\/p>\n","protected":false},"author":1,"featured_media":12729,"comment_status":"closed","ping_status":"closed","sticky":false,"template":"","format":"standard","meta":{"fifu_image_url":"","fifu_image_alt":"","footnotes":""},"categories":[1],"tags":[],"class_list":["post-12728","post","type-post","status-publish","format-standard","has-post-thumbnail","hentry","category-sin-categoria"],"_links":{"self":[{"href":"https:\/\/eldiariovirtual.com\/index.php\/wp-json\/wp\/v2\/posts\/12728","targetHints":{"allow":["GET"]}}],"collection":[{"href":"https:\/\/eldiariovirtual.com\/index.php\/wp-json\/wp\/v2\/posts"}],"about":[{"href":"https:\/\/eldiariovirtual.com\/index.php\/wp-json\/wp\/v2\/types\/post"}],"author":[{"embeddable":true,"href":"https:\/\/eldiariovirtual.com\/index.php\/wp-json\/wp\/v2\/users\/1"}],"replies":[{"embeddable":true,"href":"https:\/\/eldiariovirtual.com\/index.php\/wp-json\/wp\/v2\/comments?post=12728"}],"version-history":[{"count":1,"href":"https:\/\/eldiariovirtual.com\/index.php\/wp-json\/wp\/v2\/posts\/12728\/revisions"}],"predecessor-version":[{"id":12730,"href":"https:\/\/eldiariovirtual.com\/index.php\/wp-json\/wp\/v2\/posts\/12728\/revisions\/12730"}],"wp:featuredmedia":[{"embeddable":true,"href":"https:\/\/eldiariovirtual.com\/index.php\/wp-json\/wp\/v2\/media\/12729"}],"wp:attachment":[{"href":"https:\/\/eldiariovirtual.com\/index.php\/wp-json\/wp\/v2\/media?parent=12728"}],"wp:term":[{"taxonomy":"category","embeddable":true,"href":"https:\/\/eldiariovirtual.com\/index.php\/wp-json\/wp\/v2\/categories?post=12728"},{"taxonomy":"post_tag","embeddable":true,"href":"https:\/\/eldiariovirtual.com\/index.php\/wp-json\/wp\/v2\/tags?post=12728"}],"curies":[{"name":"wp","href":"https:\/\/api.w.org\/{rel}","templated":true}]}}