{"id":12734,"date":"2026-03-10T17:15:46","date_gmt":"2026-03-10T21:15:46","guid":{"rendered":"https:\/\/eldiariovirtual.com\/?p=12734"},"modified":"2026-03-11T17:17:36","modified_gmt":"2026-03-11T21:17:36","slug":"surgen-criticas-por-dichos-de-viceministra-que-vinculan-maternidad-con-perder-anos-en-casa","status":"publish","type":"post","link":"https:\/\/eldiariovirtual.com\/index.php\/2026\/03\/10\/surgen-criticas-por-dichos-de-viceministra-que-vinculan-maternidad-con-perder-anos-en-casa\/","title":{"rendered":"Surgen cr\u00edticas por dichos de viceministra que vinculan maternidad con \u201cperder a\u00f1os en casa\u201d"},"content":{"rendered":"\n<p>Diversas voces cuestionaron que desde una autoridad se vincule la maternidad con una limitaci\u00f3n para los proyectos personales.<\/p>\n\n\n\n<figure class=\"wp-block-image size-full\"><img loading=\"lazy\" decoding=\"async\" width=\"992\" height=\"558\" src=\"https:\/\/eldiariovirtual.com\/wp-content\/uploads\/2026\/03\/2026031019424766810.webp\" alt=\"\" class=\"wp-image-12735\" srcset=\"https:\/\/eldiariovirtual.com\/wp-content\/uploads\/2026\/03\/2026031019424766810.webp 992w, https:\/\/eldiariovirtual.com\/wp-content\/uploads\/2026\/03\/2026031019424766810-300x169.webp 300w, https:\/\/eldiariovirtual.com\/wp-content\/uploads\/2026\/03\/2026031019424766810-768x432.webp 768w\" sizes=\"auto, (max-width: 992px) 100vw, 992px\" \/><\/figure>\n\n\n\n<p>La viceministra interina de Igualdad de Oportunidades, Durby Blanco.<\/p>\n\n\n\n<p>Las declaraciones de la viceministra interina de Igualdad de Oportunidades, Durby Blanco, generaron cr\u00edticas luego de afirmar que decidi\u00f3 no tener hijos para no dedicar a\u00f1os al trabajo en casa y poder cumplir sus sue\u00f1os.<\/p>\n\n\n\n<p>Diversas voces cuestionaron que desde una autoridad se vincule la maternidad con una limitaci\u00f3n para los proyectos personales.<\/p>\n\n\n\n<p>\u201cEstar aqu\u00ed presente con 32 a\u00f1os y no tener hijos es precisamente porque no quiero o no quer\u00eda perder a\u00f1os trabajando en casa, haciendo un trabajo que no permita realizar mis sue\u00f1os\u201d, afirm\u00f3 la autoridad el lunes durante la presentaci\u00f3n de la propuesta de pol\u00edtica p\u00fablica de corresponsabilidad de cuidados.<\/p>\n\n\n\n<p>Blanco agreg\u00f3 que muchas mujeres y ni\u00f1as no tienen la posibilidad de decidir sobre la maternidad. Se\u00f1al\u00f3 que existe un alto \u00edndice de ni\u00f1as que se convierten en madres y atribuy\u00f3 esa situaci\u00f3n a la falta de corresponsabilidad en el cuidado entre el Estado, la familia y el sector privado.<\/p>\n\n\n\n<p>Tras difundirse sus declaraciones, la historiadora Sayuri Loza afirm\u00f3 que el cuestionamiento hacia Blanco no es la decisi\u00f3n personal de no ser madre.<\/p>\n\n\n\n<p>Sostuvo que el problema es que una autoridad sugiera que la maternidad aleja a las mujeres de cumplir sus sue\u00f1os, cuando su cartera deber\u00eda trabajar para evitar esa percepci\u00f3n.<\/p>\n\n\n\n<p>Por su lado, la exviceministra de Igualdad de Oportunidades Nadia Cruz tambi\u00e9n cuestion\u00f3 el mensaje de la autoridad. Se\u00f1al\u00f3 que una funcionaria que impulsa pol\u00edticas de cuidado no deber\u00eda plantear que los derechos reproductivos de las mujeres condicionan sus sue\u00f1os.<\/p>\n\n\n\n<p>\u201cEl problema real en lo que dijo Durby es que denota que no tiene idea de cu\u00e1l es el problema que viven las mujeres\u201d, escribi\u00f3.<\/p>\n\n\n\n<p>En ese contexto, la concejal Rosario Callejas pidi\u00f3 la destituci\u00f3n de la funcionaria. \u201cLos bolivianos no merecemos esta clase de autoridades\u201d, afirm\u00f3.&nbsp;<\/p>\n","protected":false},"excerpt":{"rendered":"<p>Diversas voces cuestionaron que desde una autoridad se vincule la maternidad con una limitaci\u00f3n para&#8230;<\/p>\n","protected":false},"author":1,"featured_media":12735,"comment_status":"closed","ping_status":"closed","sticky":false,"template":"","format":"standard","meta":{"fifu_image_url":"","fifu_image_alt":"","footnotes":""},"categories":[1],"tags":[],"class_list":["post-12734","post","type-post","status-publish","format-standard","has-post-thumbnail","hentry","category-sin-categoria"],"_links":{"self":[{"href":"https:\/\/eldiariovirtual.com\/index.php\/wp-json\/wp\/v2\/posts\/12734","targetHints":{"allow":["GET"]}}],"collection":[{"href":"https:\/\/eldiariovirtual.com\/index.php\/wp-json\/wp\/v2\/posts"}],"about":[{"href":"https:\/\/eldiariovirtual.com\/index.php\/wp-json\/wp\/v2\/types\/post"}],"author":[{"embeddable":true,"href":"https:\/\/eldiariovirtual.com\/index.php\/wp-json\/wp\/v2\/users\/1"}],"replies":[{"embeddable":true,"href":"https:\/\/eldiariovirtual.com\/index.php\/wp-json\/wp\/v2\/comments?post=12734"}],"version-history":[{"count":1,"href":"https:\/\/eldiariovirtual.com\/index.php\/wp-json\/wp\/v2\/posts\/12734\/revisions"}],"predecessor-version":[{"id":12736,"href":"https:\/\/eldiariovirtual.com\/index.php\/wp-json\/wp\/v2\/posts\/12734\/revisions\/12736"}],"wp:featuredmedia":[{"embeddable":true,"href":"https:\/\/eldiariovirtual.com\/index.php\/wp-json\/wp\/v2\/media\/12735"}],"wp:attachment":[{"href":"https:\/\/eldiariovirtual.com\/index.php\/wp-json\/wp\/v2\/media?parent=12734"}],"wp:term":[{"taxonomy":"category","embeddable":true,"href":"https:\/\/eldiariovirtual.com\/index.php\/wp-json\/wp\/v2\/categories?post=12734"},{"taxonomy":"post_tag","embeddable":true,"href":"https:\/\/eldiariovirtual.com\/index.php\/wp-json\/wp\/v2\/tags?post=12734"}],"curies":[{"name":"wp","href":"https:\/\/api.w.org\/{rel}","templated":true}]}}