{"id":12740,"date":"2026-03-11T17:31:15","date_gmt":"2026-03-11T21:31:15","guid":{"rendered":"https:\/\/eldiariovirtual.com\/?p=12740"},"modified":"2026-03-11T17:31:15","modified_gmt":"2026-03-11T21:31:15","slug":"senado-aprueba-retiro-del-busto-de-evo-de-la-asamblea-otorgan-72-horas-para-su-cumplimiento","status":"publish","type":"post","link":"https:\/\/eldiariovirtual.com\/index.php\/2026\/03\/11\/senado-aprueba-retiro-del-busto-de-evo-de-la-asamblea-otorgan-72-horas-para-su-cumplimiento\/","title":{"rendered":"Senado aprueba retiro del busto de Evo de la Asamblea; otorgan 72 horas para su cumplimiento"},"content":{"rendered":"\n<p>La resoluci\u00f3n otorga un plazo de 72 horas al Oficial Mayor de la C\u00e1mara de Senadores, para que coordine y ejecute el retiro definitivo del monumento<\/p>\n\n\n\n<figure class=\"wp-block-image size-full\"><img loading=\"lazy\" decoding=\"async\" width=\"991\" height=\"558\" src=\"https:\/\/eldiariovirtual.com\/wp-content\/uploads\/2026\/03\/2026031117272986036.webp\" alt=\"\" class=\"wp-image-12741\" srcset=\"https:\/\/eldiariovirtual.com\/wp-content\/uploads\/2026\/03\/2026031117272986036.webp 991w, https:\/\/eldiariovirtual.com\/wp-content\/uploads\/2026\/03\/2026031117272986036-300x169.webp 300w, https:\/\/eldiariovirtual.com\/wp-content\/uploads\/2026\/03\/2026031117272986036-768x432.webp 768w\" sizes=\"auto, (max-width: 991px) 100vw, 991px\" \/><\/figure>\n\n\n\n<p>Busto de Evo Morales en la Asamblea Legislativa.<\/p>\n\n\n\n<p>La C\u00e1mara de Senadores aprob\u00f3 este mi\u00e9rcoles una resoluci\u00f3n, con la cual que dispone el retiro definitivo del busto del expresidente Evo Morales de las instalaciones de la Asamblea Legislativa Plurinacional.<\/p>\n\n\n\n<p>La resoluci\u00f3n otorga un plazo de 72 horas al Oficial Mayor de la C\u00e1mara de Senadores, para que coordine y ejecute el retiro definitivo del monumento.<\/p>\n\n\n\n<p>Asimismo, el documento proh\u00edbe expresamente que el busto sea colocado en cualquier otro espacio de la Asamblea o su reingreso.<\/p>\n\n\n\n<p>Hubo aplausos en el hemiciclo a tiempo de aprobar la Resoluci\u00f3n por m\u00e1s de dos tercios.<\/p>\n\n\n\n<p>Seg\u00fan la Resoluci\u00f3n, la escultura del exmandatario ingres\u00f3 como donaci\u00f3n irregular en el periodo 2011-2012 y no corresponde que se mantenga en el Legislativo, tomando en cuenta que no cuenta con una ley especial como manda la norma especial de monumentos.<\/p>\n\n\n\n<p>El senador Leonardo Roca justific\u00f3 que no se puede hacer culto a una persona que lleg\u00f3 al poder con un apoyo masivo, pero lamentablemente se trastorn\u00f3 e hizo \u201cmucho da\u00f1o a Bolivia\u201d.<\/p>\n\n\n\n<p>Espera que el busto ahora ser\u00e1 picado o molido.<\/p>\n","protected":false},"excerpt":{"rendered":"<p>La resoluci\u00f3n otorga un plazo de 72 horas al Oficial Mayor de la C\u00e1mara de&#8230;<\/p>\n","protected":false},"author":1,"featured_media":12741,"comment_status":"closed","ping_status":"closed","sticky":false,"template":"","format":"standard","meta":{"fifu_image_url":"","fifu_image_alt":"","footnotes":""},"categories":[1],"tags":[],"class_list":["post-12740","post","type-post","status-publish","format-standard","has-post-thumbnail","hentry","category-sin-categoria"],"_links":{"self":[{"href":"https:\/\/eldiariovirtual.com\/index.php\/wp-json\/wp\/v2\/posts\/12740","targetHints":{"allow":["GET"]}}],"collection":[{"href":"https:\/\/eldiariovirtual.com\/index.php\/wp-json\/wp\/v2\/posts"}],"about":[{"href":"https:\/\/eldiariovirtual.com\/index.php\/wp-json\/wp\/v2\/types\/post"}],"author":[{"embeddable":true,"href":"https:\/\/eldiariovirtual.com\/index.php\/wp-json\/wp\/v2\/users\/1"}],"replies":[{"embeddable":true,"href":"https:\/\/eldiariovirtual.com\/index.php\/wp-json\/wp\/v2\/comments?post=12740"}],"version-history":[{"count":1,"href":"https:\/\/eldiariovirtual.com\/index.php\/wp-json\/wp\/v2\/posts\/12740\/revisions"}],"predecessor-version":[{"id":12742,"href":"https:\/\/eldiariovirtual.com\/index.php\/wp-json\/wp\/v2\/posts\/12740\/revisions\/12742"}],"wp:featuredmedia":[{"embeddable":true,"href":"https:\/\/eldiariovirtual.com\/index.php\/wp-json\/wp\/v2\/media\/12741"}],"wp:attachment":[{"href":"https:\/\/eldiariovirtual.com\/index.php\/wp-json\/wp\/v2\/media?parent=12740"}],"wp:term":[{"taxonomy":"category","embeddable":true,"href":"https:\/\/eldiariovirtual.com\/index.php\/wp-json\/wp\/v2\/categories?post=12740"},{"taxonomy":"post_tag","embeddable":true,"href":"https:\/\/eldiariovirtual.com\/index.php\/wp-json\/wp\/v2\/tags?post=12740"}],"curies":[{"name":"wp","href":"https:\/\/api.w.org\/{rel}","templated":true}]}}