{"id":12987,"date":"2026-04-04T16:40:14","date_gmt":"2026-04-04T20:40:14","guid":{"rendered":"https:\/\/eldiariovirtual.com\/?p=12987"},"modified":"2026-04-07T16:47:09","modified_gmt":"2026-04-07T20:47:09","slug":"choferes-de-oruro-anuncian-paro-y-bloqueos-desde-el-lunes-por-gasolina","status":"publish","type":"post","link":"https:\/\/eldiariovirtual.com\/index.php\/2026\/04\/04\/choferes-de-oruro-anuncian-paro-y-bloqueos-desde-el-lunes-por-gasolina\/","title":{"rendered":"Choferes de Oruro anuncian paro y bloqueos desde el lunes por gasolina"},"content":{"rendered":"\n<figure class=\"wp-block-image size-large\"><img loading=\"lazy\" decoding=\"async\" width=\"1024\" height=\"576\" src=\"https:\/\/eldiariovirtual.com\/wp-content\/uploads\/2026\/04\/gasolina-marcha-jpg-1024x576.webp\" alt=\"\" class=\"wp-image-12989\" srcset=\"https:\/\/eldiariovirtual.com\/wp-content\/uploads\/2026\/04\/gasolina-marcha-jpg-1024x576.webp 1024w, https:\/\/eldiariovirtual.com\/wp-content\/uploads\/2026\/04\/gasolina-marcha-jpg-300x169.webp 300w, https:\/\/eldiariovirtual.com\/wp-content\/uploads\/2026\/04\/gasolina-marcha-jpg-768x432.webp 768w, https:\/\/eldiariovirtual.com\/wp-content\/uploads\/2026\/04\/gasolina-marcha-jpg.webp 1200w\" sizes=\"auto, (max-width: 1024px) 100vw, 1024px\" \/><\/figure>\n\n\n\n<p><em>Desde el lunes se reactivan las movilizaciones en el pa\u00eds<\/em>.<\/p>\n\n\n\n<p><strong>Los transportistas de Oruro confirmaron un paro indefinido con cierre total de carreteras desde las 00:00 del lunes, 6 de abril,<\/strong>&nbsp;mientras que dirigentes del transporte de La Paz advirtieron que podr\u00edan sumarse movilizaciones a nivel nacional si el Gobierno no responde a sus demandas.<\/p>\n\n\n\n<p>El anuncio principal fue realizado por Lucio Gomes, representante de los choferes de San Crist\u00f3bal, quien explic\u00f3 que la medida fue determinada en un ampliado departamental tras denunciar que el problema de combustible no fue resuelto pese a m\u00faltiples reuniones con autoridades.<\/p>\n\n\n\n<p>\u201cLamentablemente lo digo as\u00ed: en varias oportunidades nos hemos reunido y hemos solicitado a las autoridades nacionales corregir este tipo de combustible.&nbsp;<strong>Hemos agotado las reuniones, se hicieron compromisos y ninguno de ellos a la fecha se ha cumplido<\/strong>\u201d, afirm\u00f3.<\/p>\n\n\n\n<p>Seg\u00fan Gomes, el principal pedido del sector es reponer la gasolina especial y dejar sin efecto la gasolina plus, a la que atribuyen los da\u00f1os reportados en veh\u00edculos.<\/p>\n\n\n\n<p>Indic\u00f3 adem\u00e1s que los transportistas solicitaron la presencia en Oruro de autoridades nacionales del sector hidrocarbur\u00edfero para abordar el problema, pero \u2014seg\u00fan denunci\u00f3\u2014 no asistieron a la reuni\u00f3n convocada.<\/p>\n\n\n\n<p>\u201cPedimos la presencia del ministro y de autoridades del sector, pero lamentablemente no se han hecho presentes. Nos env\u00edan una carta para que vayamos a La Paz, cuando el problema est\u00e1 aqu\u00ed en Oruro. Eso es una falta de respeto\u201d, sostuvo.<\/p>\n\n\n\n<p>El dirigente explic\u00f3 que el abastecimiento de combustible en la regi\u00f3n presenta diferencias con otros departamentos. Se\u00f1al\u00f3 que YPFB regional Oruro distribuye gasolina especial hacia Potos\u00ed, Uyuni y Villaz\u00f3n, lo que \u2014seg\u00fan afirm\u00f3\u2014 evita que esas regiones enfrenten el mismo problema.<\/p>\n\n\n\n<p><strong>M\u00e1s de 400 veh\u00edculos afectados<\/strong><\/p>\n\n\n\n<p>De acuerdo con el dirigente, al menos 425 veh\u00edculos habr\u00edan resultado afectados por la supuesta mala calidad del combustible.<br>Gomes tambi\u00e9n cuestion\u00f3 el mecanismo habilitado por el Gobierno para atender los reclamos por da\u00f1os mec\u00e1nicos. Asegur\u00f3 que los casos presentados contin\u00faan sin respuesta.<\/p>\n\n\n\n<p>El dirigente remarc\u00f3 que el reclamo no solo afecta al transporte p\u00fablico, sino tambi\u00e9n a veh\u00edculos particulares, motocicletas, ambulancias, patrullas policiales y autom\u00f3viles institucionales.<\/p>\n\n\n\n<p>Por ello convoc\u00f3 a la poblaci\u00f3n a respaldar la protesta. \u201cUn padre de familia que usa su veh\u00edculo para llevar a sus hijos al colegio tambi\u00e9n es afectado. Por eso pedimos que todos se sumen a esta medida\u201d, dijo.<\/p>\n\n\n\n<p><strong>Choferes de La Paz advierten movilizaci\u00f3n nacional<\/strong><\/p>\n\n\n\n<p>En paralelo, Edson Valdez, ejecutivo de la Federaci\u00f3n Departamental de Choferes Primero de Mayo de La Paz, advirti\u00f3 que el problema de combustible ya se registra en distintos departamentos y podr\u00eda derivar en una protesta de alcance nacional.<\/p>\n\n\n\n<p>\u201c<strong>A partir del d\u00eda lunes van a empezar a movilizarse y seguramente ser\u00e1n los otros departamentos tambi\u00e9n<\/strong>&nbsp;porque problemas de mala calidad de combustible ya hay en todo el pa\u00eds\u201d, declar\u00f3.<\/p>\n\n\n\n<p>El dirigente se\u00f1al\u00f3 que el sector del transporte pace\u00f1o respalda las medidas que se impulsen desde Oruro y adelant\u00f3 que se coordina con otras federaciones.<\/p>\n\n\n\n<p>\u201cVamos a respaldar a Oruro y si es posible vamos a pedir que haya un ampliado nacional el lunes o martes para definir movilizaciones conjuntas\u201d, sostuvo.<\/p>\n\n\n\n<p><\/p>\n","protected":false},"excerpt":{"rendered":"<p>Desde el lunes se reactivan las movilizaciones en el pa\u00eds. Los transportistas de Oruro confirmaron&#8230;<\/p>\n","protected":false},"author":1,"featured_media":12989,"comment_status":"closed","ping_status":"closed","sticky":false,"template":"","format":"standard","meta":{"fifu_image_url":"","fifu_image_alt":"","footnotes":""},"categories":[1],"tags":[],"class_list":["post-12987","post","type-post","status-publish","format-standard","has-post-thumbnail","hentry","category-sin-categoria"],"_links":{"self":[{"href":"https:\/\/eldiariovirtual.com\/index.php\/wp-json\/wp\/v2\/posts\/12987","targetHints":{"allow":["GET"]}}],"collection":[{"href":"https:\/\/eldiariovirtual.com\/index.php\/wp-json\/wp\/v2\/posts"}],"about":[{"href":"https:\/\/eldiariovirtual.com\/index.php\/wp-json\/wp\/v2\/types\/post"}],"author":[{"embeddable":true,"href":"https:\/\/eldiariovirtual.com\/index.php\/wp-json\/wp\/v2\/users\/1"}],"replies":[{"embeddable":true,"href":"https:\/\/eldiariovirtual.com\/index.php\/wp-json\/wp\/v2\/comments?post=12987"}],"version-history":[{"count":1,"href":"https:\/\/eldiariovirtual.com\/index.php\/wp-json\/wp\/v2\/posts\/12987\/revisions"}],"predecessor-version":[{"id":12990,"href":"https:\/\/eldiariovirtual.com\/index.php\/wp-json\/wp\/v2\/posts\/12987\/revisions\/12990"}],"wp:featuredmedia":[{"embeddable":true,"href":"https:\/\/eldiariovirtual.com\/index.php\/wp-json\/wp\/v2\/media\/12989"}],"wp:attachment":[{"href":"https:\/\/eldiariovirtual.com\/index.php\/wp-json\/wp\/v2\/media?parent=12987"}],"wp:term":[{"taxonomy":"category","embeddable":true,"href":"https:\/\/eldiariovirtual.com\/index.php\/wp-json\/wp\/v2\/categories?post=12987"},{"taxonomy":"post_tag","embeddable":true,"href":"https:\/\/eldiariovirtual.com\/index.php\/wp-json\/wp\/v2\/tags?post=12987"}],"curies":[{"name":"wp","href":"https:\/\/api.w.org\/{rel}","templated":true}]}}